{"id":1090,"date":"2020-01-02T11:27:27","date_gmt":"2020-01-02T10:27:27","guid":{"rendered":"http:\/\/blog.exkalibr.cz\/?p=1090"},"modified":"2020-01-05T19:36:13","modified_gmt":"2020-01-05T18:36:13","slug":"novinky-v-sortimentu-festool-z-prelomu-roku-2019-2020","status":"publish","type":"post","link":"https:\/\/blog.exkalibr.cz\/index.php\/2020\/01\/02\/novinky-v-sortimentu-festool-z-prelomu-roku-2019-2020\/","title":{"rendered":"P\u0159ehled novinek Festool z p\u0159elomu roku 2019\/2020"},"content":{"rendered":"<p>Na konec roku 2019 a po\u010d\u00e1tek 2020 si Festool pro n\u00e1s op\u011bt p\u0159ipravil n\u011bkolik zaj\u00edmav\u00fdch novinek a facelift\u016f n\u00e1\u0159ad\u00ed a p\u0159\u00edslu\u0161enstv\u00ed. Cht\u011bl bych V\u00e1m v tomto \u010dl\u00e1nku p\u0159edstavit ty nejd\u016fle\u017eit\u011bj\u0161\u00ed:<\/p>\n<ol>\n<li>\n<h2><a href=\"https:\/\/www.exkalibr.cz\/elektro-naradi-pily-primocare-pily_c351.html#cls=spresenttrees&amp;strid=351&amp;scaid=14&amp;sps_v_69=20191001&amp;sps_v_69=20191130&amp;\" target=\"_blank\" rel=\"noopener noreferrer\"><strong>P\u0159\u00edmo\u010dar\u00e9 pily TRION PS\/PSB 300 a CARVEX PS\/PSB 420<\/strong><\/a><\/h2>\n<p>U t\u011bchto pil do\u0161lo k drobn\u00e9 \u00faprav\u011b elektroniky. Jde o bezpe\u010dnostn\u00ed prvek.<br \/>\nNov\u011b, pokud dojde za chodu stroje k p\u0159eru\u0161en\u00ed p\u0159\u00edvodu proudu (a\u0165 u\u017e vyta\u017een\u00edm nap\u00e1jec\u00edho kabelu, nebo vypadnut\u00edm jisti\u010de, apod.), pak se stroj po znovu obnoven\u00ed dod\u00e1vky proudu samovoln\u011b nerozb\u011bhne, ale je ho t\u0159eba na vyp\u00edna\u010di vypnout a n\u00e1sledn\u011b znovu zapnout.<br \/>\nJinak na pil\u00e1ch nedo\u0161lo k \u017e\u00e1dn\u00fdm funk\u010dn\u00edm, ani vizu\u00e1ln\u00edm zm\u011bn\u00e1m.<br \/>\nPily s novou elektronikou m\u016f\u017eete objedn\u00e1vat <strong><a href=\"https:\/\/www.exkalibr.cz\/elektro-naradi-pily-primocare-pily_c351.html#cls=spresenttrees&amp;strid=351&amp;scaid=14&amp;sps_v_69=20191001&amp;sps_v_69=20191130&amp;\" target=\"_blank\" rel=\"noopener noreferrer\">zde<\/a><\/strong>.<br \/>\nNicm\u00e9n\u011b st\u00e1le je\u0161t\u011b u n\u00e1s m\u016f\u017eete koupit <strong><a href=\"https:\/\/www.exkalibr.cz\/elektro-naradi-pily-primocare-pily_c351.html#cls=spresenttrees&amp;strid=351&amp;scaid=14&amp;status=2&amp;\" target=\"_blank\" rel=\"noopener noreferrer\">p\u0159\u00edmo\u010dar\u00e9 pily ve verzi 2019<\/a><\/strong> bez v\u00fd\u0161e uveden\u00e9 \u00fapravy<strong> v ak\u010dn\u00ed v\u00fdprodejov\u00e9 cen\u011b<\/strong>. V p\u0159\u00edpad\u011b z\u00e1jmu s n\u00e1kupem neot\u00e1lejte. M\u00e1me skladem posledn\u00ed voln\u00e9 kusy.<br \/>\n<a href=\"https:\/\/www.exkalibr.cz\/elektro-naradi-pily-primocare-pily_c351.html#cls=spresenttrees&amp;strid=351&amp;scaid=14&amp;sps_v_69=20191001&amp;sps_v_69=20191130&amp;\" target=\"_blank\" rel=\"noopener noreferrer\"><img loading=\"lazy\" decoding=\"async\" class=\"aligncenter wp-image-1108 size-large\" src=\"http:\/\/blog.exkalibr.cz\/wp-content\/uploads\/2020\/01\/down_ps_ps300_561453_a_04a-scaled-e1578153739728-1024x467.jpg\" alt=\"\" width=\"1024\" height=\"467\" srcset=\"https:\/\/blog.exkalibr.cz\/wp-content\/uploads\/2020\/01\/down_ps_ps300_561453_a_04a-scaled-e1578153739728-1024x467.jpg 1024w, https:\/\/blog.exkalibr.cz\/wp-content\/uploads\/2020\/01\/down_ps_ps300_561453_a_04a-scaled-e1578153739728-300x137.jpg 300w, https:\/\/blog.exkalibr.cz\/wp-content\/uploads\/2020\/01\/down_ps_ps300_561453_a_04a-scaled-e1578153739728-768x350.jpg 768w, https:\/\/blog.exkalibr.cz\/wp-content\/uploads\/2020\/01\/down_ps_ps300_561453_a_04a-scaled-e1578153739728-1536x700.jpg 1536w, https:\/\/blog.exkalibr.cz\/wp-content\/uploads\/2020\/01\/down_ps_ps300_561453_a_04a-scaled-e1578153739728-2048x934.jpg 2048w, https:\/\/blog.exkalibr.cz\/wp-content\/uploads\/2020\/01\/down_ps_ps300_561453_a_04a-scaled-e1578153739728-640x292.jpg 640w\" sizes=\"(max-width: 1024px) 100vw, 1024px\" \/><\/a><\/li>\n<li>\n<h2><strong><a href=\"https:\/\/www.exkalibr.cz\/festool-bp-18-li-4-0-hpc-asi-akumulator-highpower-205034-_d66226.html\" target=\"_blank\" rel=\"noopener noreferrer\">Nov\u00fd vysokokapacitn\u00ed akumul\u00e1tor HPC-ASI 4,0 Ah<\/a> a <a href=\"https:\/\/www.exkalibr.cz\/festool-bpc-12-li-4-2-ah-akumulator-205238-_d66264.html\" target=\"_blank\" rel=\"noopener noreferrer\">n\u00e1hrada za BPC 12 Li 3,0 Ah<\/a><\/strong><strong><br \/>\n<\/strong><\/h2>\n<p>Vyzkou\u0161ejte <strong><a href=\"https:\/\/www.exkalibr.cz\/festool-bp-18-li-4-0-hpc-asi-akumulator-highpower-205034-_d66226.html\" target=\"_blank\" rel=\"noopener noreferrer\">nov\u00fd akumul\u00e1tor Li-HighPower Compact<\/a><\/strong>. S hmotnost\u00ed m\u00e9n\u011b ne\u017e 600 gram\u016f je o 20 % leh\u010d\u00ed a o 50 % kompaktn\u011bj\u0161\u00ed ne\u017e standardn\u00ed akumul\u00e1tor 5,2 Ah. D\u00edky technologii \u010dl\u00e1nk\u016f Li-HighPower je p\u0159esto dostate\u010dn\u011b v\u00fdkonn\u00fd pro jak\u00e9koli pou\u017eit\u00ed. A samoz\u0159ejm\u011b kompletn\u011b zabezpe\u010den\u00fd se slu\u017ebami Festool SERVICE.<br \/>\nObjedn\u00e1vat m\u016f\u017eete <strong><a href=\"https:\/\/www.exkalibr.cz\/festool-bp-18-li-4-0-hpc-asi-akumulator-highpower-205034-_d66226.html\" target=\"_blank\" rel=\"noopener noreferrer\">zde<\/a><\/strong>.<a href=\"https:\/\/www.exkalibr.cz\/festool-bp-18-li-4-0-hpc-asi-akumulator-highpower-205034-_d66226.html\" target=\"_blank\" rel=\"noopener noreferrer\"><img loading=\"lazy\" decoding=\"async\" class=\"aligncenter wp-image-1115 size-large\" src=\"http:\/\/blog.exkalibr.cz\/wp-content\/uploads\/2020\/01\/down_bs_bp18li40ahhighpowerASi_205034_a_01b-scaled-e1578153672336-1024x414.jpg\" alt=\"\" width=\"1024\" height=\"414\" srcset=\"https:\/\/blog.exkalibr.cz\/wp-content\/uploads\/2020\/01\/down_bs_bp18li40ahhighpowerASi_205034_a_01b-scaled-e1578153672336-1024x414.jpg 1024w, https:\/\/blog.exkalibr.cz\/wp-content\/uploads\/2020\/01\/down_bs_bp18li40ahhighpowerASi_205034_a_01b-scaled-e1578153672336-300x121.jpg 300w, https:\/\/blog.exkalibr.cz\/wp-content\/uploads\/2020\/01\/down_bs_bp18li40ahhighpowerASi_205034_a_01b-scaled-e1578153672336-768x311.jpg 768w, https:\/\/blog.exkalibr.cz\/wp-content\/uploads\/2020\/01\/down_bs_bp18li40ahhighpowerASi_205034_a_01b-scaled-e1578153672336-1536x622.jpg 1536w, https:\/\/blog.exkalibr.cz\/wp-content\/uploads\/2020\/01\/down_bs_bp18li40ahhighpowerASi_205034_a_01b-scaled-e1578153672336-2048x829.jpg 2048w, https:\/\/blog.exkalibr.cz\/wp-content\/uploads\/2020\/01\/down_bs_bp18li40ahhighpowerASi_205034_a_01b-scaled-e1578153672336-640x259.jpg 640w\" sizes=\"(max-width: 1024px) 100vw, 1024px\" \/><\/a>Kv\u016fli zm\u011bn\u011b pou\u017e\u00edvan\u00fdch akumul\u00e1torov\u00fdch \u010dl\u00e1nk\u016f kon\u010d\u00ed od ledna 2020 v\u00fdroba akumul\u00e1toru BPC 12 Li 3,0 Ah. Tak\u017ee pro aku\u0161roubov\u00e1ky C12 a T12 p\u0159ich\u00e1z\u00ed Festool s nov\u00fdm akumul\u00e1torem <strong><a href=\"https:\/\/www.exkalibr.cz\/festool-bpc-12-li-4-2-ah-akumulator-205238-_d66264.html\" target=\"_blank\" rel=\"noopener noreferrer\">BPC 12 Li 4,2 Ah<\/a><\/strong>.<br \/>\nDobr\u00e1 zpr\u00e1va je, \u017ee nov\u00fd <strong><a href=\"https:\/\/www.exkalibr.cz\/festool-bpc-12-li-4-2-ah-akumulator-205238-_d66264.html\" target=\"_blank\" rel=\"noopener noreferrer\">akumul\u00e1tor BPC 12 Li 4,2 Ah<\/a><\/strong> p\u0159in\u00e1\u0161\u00ed zv\u00fd\u0161en\u00ed kapacity ze 3,0 Ah na 4,2 Ah a to za stejnou cenu jako p\u016fvodn\u00ed akumul\u00e1tor.<br \/>\n<a href=\"https:\/\/www.exkalibr.cz\/festool-bpc-12-li-4-2-ah-akumulator-205238-_d66264.html\" target=\"_blank\" rel=\"noopener noreferrer\"><img loading=\"lazy\" decoding=\"async\" class=\"aligncenter wp-image-1118\" src=\"http:\/\/blog.exkalibr.cz\/wp-content\/uploads\/2020\/01\/down_bs_li12_497019_z_01a-1024x647.jpg\" alt=\"\" width=\"700\" height=\"442\" srcset=\"https:\/\/blog.exkalibr.cz\/wp-content\/uploads\/2020\/01\/down_bs_li12_497019_z_01a-1024x647.jpg 1024w, https:\/\/blog.exkalibr.cz\/wp-content\/uploads\/2020\/01\/down_bs_li12_497019_z_01a-300x189.jpg 300w, https:\/\/blog.exkalibr.cz\/wp-content\/uploads\/2020\/01\/down_bs_li12_497019_z_01a-768x485.jpg 768w, https:\/\/blog.exkalibr.cz\/wp-content\/uploads\/2020\/01\/down_bs_li12_497019_z_01a-1536x970.jpg 1536w, https:\/\/blog.exkalibr.cz\/wp-content\/uploads\/2020\/01\/down_bs_li12_497019_z_01a-2048x1293.jpg 2048w, https:\/\/blog.exkalibr.cz\/wp-content\/uploads\/2020\/01\/down_bs_li12_497019_z_01a-640x404.jpg 640w\" sizes=\"(max-width: 700px) 100vw, 700px\" \/><\/a><\/li>\n<li>\n<h2><a href=\"https:\/\/www.exkalibr.cz\/festool-ct-15-e-mobilni-vysavac-574827-_d66258.html\" target=\"_blank\" rel=\"noopener noreferrer\"><strong>Nov\u00fd mobiln\u00ed vysava\u010d CLEANTEC CT 15 E<\/strong><\/a><\/h2>\n<p>Dal\u0161\u00ed v\u00fdznamnou novinkou je vysava\u010d <strong><a href=\"https:\/\/www.exkalibr.cz\/festool-ct-15-e-mobilni-vysavac-574827-_d66258.html\" target=\"_blank\" rel=\"noopener noreferrer\">CLEANTEC CT 15 E<\/a><\/strong>, kter\u00fd nahrazuje doprodejov\u00fd model <strong><a href=\"https:\/\/www.exkalibr.cz\/festool-ct-17-e-set-ba-mobilni-vysavac-768943-_d5792.html\" target=\"_blank\" rel=\"noopener noreferrer\">CLEANTEC CT 17 E<\/a><\/strong>.<br \/>\n<strong><a href=\"https:\/\/www.exkalibr.cz\/festool-ct-15-e-mobilni-vysavac-574827-_d66258.html\" target=\"_blank\" rel=\"noopener noreferrer\">CT 15\u00a0 E<\/a><\/strong> s objemem n\u00e1doby 15 l vys\u00e1v\u00e1 prach, ne\u010distoty a vodu. Je ur\u010den zejm\u00e9na pro \u010di\u0161t\u011bn\u00ed d\u00edlny, stavby, vozidla nebo kancel\u00e1\u0159e.<br \/>\nMezi jeho hlavn\u00ed dom\u00e9ny pat\u0159\u00ed vysok\u00fd sac\u00ed v\u00fdkon d\u00edky regulovateln\u00e9, vysoce v\u00fdkonn\u00e9 turb\u00edn\u011b. D\u00edky efektivn\u00edmu vyu\u017eit\u00ed cel\u00e9 15 l n\u00e1doby lze nav\u00edc s t\u00edmto vysava\u010dem pracovat dlouho bez p\u0159eru\u0161en\u00ed.<br \/>\nU\u00a0<strong><a href=\"https:\/\/www.exkalibr.cz\/festool-ct-15-e-mobilni-vysavac-574827-_d66258.html\" target=\"_blank\" rel=\"noopener noreferrer\">CT\u00a015<\/a><\/strong> je p\u0159\u00edslu\u0161enstv\u00ed pro \u010di\u0161t\u011bn\u00ed, jako \u0161t\u011brbinov\u00e1 hubice a\u00a0pol\u0161t\u00e1\u0159ov\u00e1 hubice, p\u0159\u00edmo sou\u010d\u00e1st\u00ed dod\u00e1vky a\u00a0lze ho ulo\u017eit na mobiln\u00edm vysava\u010di. D\u00edky rovn\u00e9 odkl\u00e1dac\u00ed plo\u0161e jsou pracovn\u00ed materi\u00e1l a\u00a0ostatn\u00ed pom\u016fcky v\u017edy na dosah.<br \/>\nV porovn\u00e1n\u00ed s ostatn\u00edmi vysava\u010di <strong><a href=\"https:\/\/www.exkalibr.cz\/elektro-naradi-vysavace-mobilni-vysavace_c1256.html#cls=spresenttrees&amp;strid=1256&amp;scaid=14&amp;\" target=\"_blank\" rel=\"noopener noreferrer\">Festool CLEANTEC<\/a><\/strong> m\u00e1 v\u0161ak omezen\u00fd rozsah funkc\u00ed a hlavn\u011b nem\u00e1 certifikaci pro \u017e\u00e1dnou prachovou t\u0159\u00eddu.<br \/>\n<a href=\"https:\/\/www.exkalibr.cz\/festool-ct-15-e-mobilni-vysavac-574827-_d66258.html\" target=\"_blank\" rel=\"noopener noreferrer\"><img loading=\"lazy\" decoding=\"async\" class=\"aligncenter wp-image-1123 size-large\" src=\"http:\/\/blog.exkalibr.cz\/wp-content\/uploads\/2020\/01\/down_s_ct15_574827_a_01a-e1578153438407-1024x891.jpg\" alt=\"\" width=\"1024\" height=\"891\" srcset=\"https:\/\/blog.exkalibr.cz\/wp-content\/uploads\/2020\/01\/down_s_ct15_574827_a_01a-e1578153438407-1024x891.jpg 1024w, https:\/\/blog.exkalibr.cz\/wp-content\/uploads\/2020\/01\/down_s_ct15_574827_a_01a-e1578153438407-300x261.jpg 300w, https:\/\/blog.exkalibr.cz\/wp-content\/uploads\/2020\/01\/down_s_ct15_574827_a_01a-e1578153438407-768x668.jpg 768w, https:\/\/blog.exkalibr.cz\/wp-content\/uploads\/2020\/01\/down_s_ct15_574827_a_01a-e1578153438407-1536x1336.jpg 1536w, https:\/\/blog.exkalibr.cz\/wp-content\/uploads\/2020\/01\/down_s_ct15_574827_a_01a-e1578153438407-2048x1782.jpg 2048w, https:\/\/blog.exkalibr.cz\/wp-content\/uploads\/2020\/01\/down_s_ct15_574827_a_01a-e1578153438407-640x557.jpg 640w\" sizes=\"(max-width: 1024px) 100vw, 1024px\" \/><\/a><\/li>\n<li>\n<h2><a href=\"https:\/\/www.exkalibr.cz\/ulozne-systemy_c311.html#cls=spresenttrees&amp;strid=311&amp;scaid=14&amp;sps_v_313=SYSTAINER+3&amp;\" target=\"_blank\" rel=\"noopener noreferrer\"><strong>Nov\u00e1 generace Systainer\u016f\u00b3<\/strong><\/a><\/h2>\n<p>Od roku 2020 p\u0159ich\u00e1z\u00ed Festool s ji\u017e t\u0159et\u00ed generac\u00ed \u00falo\u017en\u00fdch box\u016f <strong><a href=\"https:\/\/www.exkalibr.cz\/ulozne-systemy_c311.html#cls=spresenttrees&amp;strid=311&amp;scaid=14&amp;sps_v_313=SYSTAINER+3&amp;\" target=\"_blank\" rel=\"noopener noreferrer\">Systainer\u00b3<\/a><\/strong>.<br \/>\nSystainer\u00b3 p\u0159in\u00e1\u0161\u00ed spoustu nov\u00fdch mo\u017enost\u00ed jak efektivn\u011b ukl\u00e1dat a p\u0159epravovat va\u0161e n\u00e1\u0159ad\u00ed. Firmy Festool, TANOS a bott toti\u017e ve vz\u00e1jemn\u00e9 spolupr\u00e1ci vyvinuly mobiln\u00ed syst\u00e9m, kter\u00fd propojuje d\u00edlnu a stavbu. D\u00edky perfektn\u00ed integraci do vestavby vozidel bott vario3 budete m\u00edt i ve vozidle zabezpe\u010den\u00fd po\u0159\u00e1dek, na kter\u00fd jste zvykl\u00ed u Systainer\u016f, a jednoduchou manipulaci.<\/p>\n<p><strong>A v \u010dem je nov\u00fd syst\u00e9m jin\u00fd\/lep\u0161\u00ed?<\/strong><br \/>\n* P\u0159in\u00e1\u0161\u00ed v\u011bt\u0161\u00ed stabilitu<br \/>\n* Vylep\u0161en\u00e9 \u0159e\u0161en\u00ed pro organiz\u00e9r<br \/>\n* V\u00edce mo\u017enost\u00ed pro popisky<br \/>\n* O\u010dka pro mo\u017enost zam\u010den\u00ed<br \/>\n* P\u0159edn\u00ed dr\u017eadlo<br \/>\n* Dr\u00e1\u017eky pro v\u00fdsuvn\u00e9 li\u0161ty<br \/>\n* Je kompatibiln\u00ed se star\u0161\u00edmi syst\u00e9my Systainer T-LOC a Systainer Classic<\/p>\n<p>Podrobn\u011bji se Systainer\u016fm\u00b3 v\u011bnuji <strong><a href=\"https:\/\/blog.exkalibr.cz\/index.php\/2020\/01\/05\/seznamte-se-s-novou-generaci-systainer3\/\">v tomto \u010dl\u00e1nku<\/a><\/strong>.<br \/>\n<a href=\"https:\/\/www.exkalibr.cz\/ulozne-systemy_c311.html#cls=spresenttrees&amp;strid=311&amp;scaid=14&amp;sps_v_313=SYSTAINER+3&amp;\" target=\"_blank\" rel=\"noopener noreferrer\"><img loading=\"lazy\" decoding=\"async\" class=\"aligncenter wp-image-1127 size-large\" src=\"http:\/\/blog.exkalibr.cz\/wp-content\/uploads\/2020\/01\/down_sys_sys3rb_204869_a_01a-scaled-e1578155266695-1024x670.jpg\" alt=\"\" width=\"1024\" height=\"670\" srcset=\"https:\/\/blog.exkalibr.cz\/wp-content\/uploads\/2020\/01\/down_sys_sys3rb_204869_a_01a-scaled-e1578155266695-1024x670.jpg 1024w, https:\/\/blog.exkalibr.cz\/wp-content\/uploads\/2020\/01\/down_sys_sys3rb_204869_a_01a-scaled-e1578155266695-300x196.jpg 300w, https:\/\/blog.exkalibr.cz\/wp-content\/uploads\/2020\/01\/down_sys_sys3rb_204869_a_01a-scaled-e1578155266695-768x503.jpg 768w, https:\/\/blog.exkalibr.cz\/wp-content\/uploads\/2020\/01\/down_sys_sys3rb_204869_a_01a-scaled-e1578155266695-1536x1006.jpg 1536w, https:\/\/blog.exkalibr.cz\/wp-content\/uploads\/2020\/01\/down_sys_sys3rb_204869_a_01a-scaled-e1578155266695-2048x1341.jpg 2048w, https:\/\/blog.exkalibr.cz\/wp-content\/uploads\/2020\/01\/down_sys_sys3rb_204869_a_01a-scaled-e1578155266695-640x419.jpg 640w\" sizes=\"(max-width: 1024px) 100vw, 1024px\" \/><\/a><\/li>\n<\/ol>\n","protected":false},"excerpt":{"rendered":"<p>Na konec roku 2019 a po\u010d\u00e1tek 2020 si Festool pro n\u00e1s op\u011bt p\u0159ipravil n\u011bkolik zaj\u00edmav\u00fdch novinek a facelift\u016f n\u00e1\u0159ad\u00ed a p\u0159\u00edslu\u0161enstv\u00ed. Cht\u011bl bych V\u00e1m v tomto \u010dl\u00e1nku p\u0159edstavit ty nejd\u016fle\u017eit\u011bj\u0161\u00ed:&#8230;<\/p>\n","protected":false},"author":1,"featured_media":1092,"comment_status":"open","ping_status":"open","sticky":false,"template":"","format":"standard","meta":{"footnotes":""},"categories":[12],"tags":[10],"_links":{"self":[{"href":"https:\/\/blog.exkalibr.cz\/index.php\/wp-json\/wp\/v2\/posts\/1090"}],"collection":[{"href":"https:\/\/blog.exkalibr.cz\/index.php\/wp-json\/wp\/v2\/posts"}],"about":[{"href":"https:\/\/blog.exkalibr.cz\/index.php\/wp-json\/wp\/v2\/types\/post"}],"author":[{"embeddable":true,"href":"https:\/\/blog.exkalibr.cz\/index.php\/wp-json\/wp\/v2\/users\/1"}],"replies":[{"embeddable":true,"href":"https:\/\/blog.exkalibr.cz\/index.php\/wp-json\/wp\/v2\/comments?post=1090"}],"version-history":[{"count":24,"href":"https:\/\/blog.exkalibr.cz\/index.php\/wp-json\/wp\/v2\/posts\/1090\/revisions"}],"predecessor-version":[{"id":1201,"href":"https:\/\/blog.exkalibr.cz\/index.php\/wp-json\/wp\/v2\/posts\/1090\/revisions\/1201"}],"wp:featuredmedia":[{"embeddable":true,"href":"https:\/\/blog.exkalibr.cz\/index.php\/wp-json\/wp\/v2\/media\/1092"}],"wp:attachment":[{"href":"https:\/\/blog.exkalibr.cz\/index.php\/wp-json\/wp\/v2\/media?parent=1090"}],"wp:term":[{"taxonomy":"category","embeddable":true,"href":"https:\/\/blog.exkalibr.cz\/index.php\/wp-json\/wp\/v2\/categories?post=1090"},{"taxonomy":"post_tag","embeddable":true,"href":"https:\/\/blog.exkalibr.cz\/index.php\/wp-json\/wp\/v2\/tags?post=1090"}],"curies":[{"name":"wp","href":"https:\/\/api.w.org\/{rel}","templated":true}]}}