{"id":2407,"date":"2023-12-13T08:57:09","date_gmt":"2023-12-13T07:57:09","guid":{"rendered":"https:\/\/blog.exkalibr.cz\/?p=2407"},"modified":"2023-12-13T11:44:40","modified_gmt":"2023-12-13T10:44:40","slug":"uklid-pekne-od-podlahy-tak-s-tim-vam-pomuzeme","status":"publish","type":"post","link":"https:\/\/blog.exkalibr.cz\/index.php\/2023\/12\/13\/uklid-pekne-od-podlahy-tak-s-tim-vam-pomuzeme\/","title":{"rendered":"\u00daklid p\u011bkn\u011b od podlahy? Tak s t\u00edm V\u00e1m pom\u016f\u017eeme!"},"content":{"rendered":"<h1 style=\"text-align: center;\"><span style=\"color: #ffcc00;\"><strong>V\u00fdrobky K\u00c4RCHER jsou z\u00e1rukou pro \u010distotu a po\u0159\u00e1dek kdekoliv<\/strong><\/span><\/h1>\n<p style=\"text-align: center;\">\u0160irok\u00fd sortiment zna\u010dky K\u00c4RCHER pom\u016f\u017ee zajistit dokonal\u00fd <strong>\u00faklid v\u0161ech ploch v dom\u00e1cnosti i profesion\u00e1ln\u00ed d\u00edln\u011b.<\/strong> Modern\u00ed design a vysok\u00fd v\u00fdkon tyto stroje p\u0159edur\u010duje k mnohostrann\u00e9mu vyu\u017eit\u00ed. Vyberte si v\u00edce\u00fa\u010delov\u00fd vysava\u010d, mop \u010di parn\u00ed \u010disti\u010d, s t\u011bmito pomocn\u00edky bude \u00faklid z\u00e1bava!<\/p>\n<hr \/>\n<p>&nbsp;<\/p>\n<h3><a href=\"https:\/\/www.exkalibr.cz\/dum-male-spotrebice-uklid-viceucelove-vysavace_c3936.html#cls=spresenttrees&amp;strid=3936&amp;scaid=865&amp;\">Vysava\u010de pro mokr\u00e9 i such\u00e9 vys\u00e1v\u00e1n\u00ed<\/a><\/h3>\n<p><strong>K\u00e4rcher v\u00edce\u00fa\u010delov\u00e9 vysava\u010de<\/strong> jsou \u0161pi\u010dkov\u00fdm \u0159e\u0161en\u00edm pro efektivn\u00ed a pohodln\u00fd \u00faklid. Tyto vysava\u010de kombinuj\u00ed vynikaj\u00edc\u00ed v\u00fdkon p\u0159i vys\u00e1v\u00e1n\u00ed such\u00e9ho prachu se schopnost\u00ed efektivn\u011b odstra\u0148ovat mokr\u00e9 ne\u010distoty. D\u00edky tomu jsou skv\u011bl\u00fdm \u0159e\u0161en\u00edm pro r\u016fznorod\u00e9 \u00fakoly <strong>od b\u011b\u017en\u00e9ho \u00faklidu dom\u00e1cnosti a\u017e po n\u00e1ro\u010dn\u00e9 pr\u016fmyslov\u00e9 \u010di stavebn\u00ed prost\u0159ed\u00ed<\/strong>.<\/p>\n<p>Vysava\u010de jsou vybaveny <strong>v\u00fdkonn\u00fdmi motory a kvalitn\u00edmi filtra\u010dn\u00edmi syst\u00e9my<\/strong>, to zabezpe\u010d\u00ed maxim\u00e1ln\u00ed ods\u00e1v\u00e1n\u00ed prachu a \u0161p\u00edny. Jejich odoln\u00e1 <strong>konstrukce a kvalitn\u00ed materi\u00e1ly zaru\u010duj\u00ed dlouhou \u017eivotnost<\/strong> a spolehlivost i p\u0159i n\u00e1ro\u010dn\u011bj\u0161\u00edm pou\u017eit\u00ed.<\/p>\n<p>Vyberte si nap\u0159\u00edklad <strong>extra siln\u00fd <a href=\"https:\/\/www.exkalibr.cz\/karcher-nt-75-2-tact2-me-tc-1-667-289-0-viceucelovy-vysavac_d150107.html\">vysava\u010d NT 75\/2 TACT2 ME<\/a><\/strong> vhodn\u00fd i pro materi\u00e1ly vyskytuj\u00edc\u00ed se v chemick\u00e9m a farmaceutick\u00e9m pr\u016fmyslu, p\u0159\u00edpadn\u011b lehce agresivn\u00ed. Vysava\u010d je vybaven velkoobjemovou n\u00e1dobou a pracovn\u00edm <strong>p\u0159\u00edslu\u0161enstv\u00ed v antistatick\u00e9m proveden\u00ed<\/strong>.<\/p>\n<table class=\" aligncenter\" style=\"border: none;\">\n<tbody>\n<tr>\n<td style=\"border: none;\"><img loading=\"lazy\" decoding=\"async\" class=\"alignnone size-medium wp-image-2409 aligncenter\" src=\"http:\/\/blog.exkalibr.cz\/wp-content\/uploads\/2023\/12\/karcher-nt-75-2-tact2-me-tc-1-667-289-0-viceucelovy-vysavac_ie5304587-300x224.jpg\" alt=\"\" width=\"300\" height=\"224\" srcset=\"https:\/\/blog.exkalibr.cz\/wp-content\/uploads\/2023\/12\/karcher-nt-75-2-tact2-me-tc-1-667-289-0-viceucelovy-vysavac_ie5304587-300x224.jpg 300w, https:\/\/blog.exkalibr.cz\/wp-content\/uploads\/2023\/12\/karcher-nt-75-2-tact2-me-tc-1-667-289-0-viceucelovy-vysavac_ie5304587-1024x766.jpg 1024w, https:\/\/blog.exkalibr.cz\/wp-content\/uploads\/2023\/12\/karcher-nt-75-2-tact2-me-tc-1-667-289-0-viceucelovy-vysavac_ie5304587-768x574.jpg 768w, https:\/\/blog.exkalibr.cz\/wp-content\/uploads\/2023\/12\/karcher-nt-75-2-tact2-me-tc-1-667-289-0-viceucelovy-vysavac_ie5304587-640x479.jpg 640w, https:\/\/blog.exkalibr.cz\/wp-content\/uploads\/2023\/12\/karcher-nt-75-2-tact2-me-tc-1-667-289-0-viceucelovy-vysavac_ie5304587.jpg 1027w\" sizes=\"(max-width: 300px) 100vw, 300px\" \/><\/td>\n<td style=\"border: none; text-align: center;\"><img loading=\"lazy\" decoding=\"async\" class=\"alignnone size-medium wp-image-2408\" src=\"http:\/\/blog.exkalibr.cz\/wp-content\/uploads\/2023\/12\/wd-6-p-s-v-30-6-22-t-1-628-360-0-mokro-suchy-vysavac_ie5304622-300x300.jpg\" alt=\"\" width=\"300\" height=\"300\" srcset=\"https:\/\/blog.exkalibr.cz\/wp-content\/uploads\/2023\/12\/wd-6-p-s-v-30-6-22-t-1-628-360-0-mokro-suchy-vysavac_ie5304622-300x300.jpg 300w, https:\/\/blog.exkalibr.cz\/wp-content\/uploads\/2023\/12\/wd-6-p-s-v-30-6-22-t-1-628-360-0-mokro-suchy-vysavac_ie5304622-150x150.jpg 150w, https:\/\/blog.exkalibr.cz\/wp-content\/uploads\/2023\/12\/wd-6-p-s-v-30-6-22-t-1-628-360-0-mokro-suchy-vysavac_ie5304622-768x768.jpg 768w, https:\/\/blog.exkalibr.cz\/wp-content\/uploads\/2023\/12\/wd-6-p-s-v-30-6-22-t-1-628-360-0-mokro-suchy-vysavac_ie5304622-640x640.jpg 640w, https:\/\/blog.exkalibr.cz\/wp-content\/uploads\/2023\/12\/wd-6-p-s-v-30-6-22-t-1-628-360-0-mokro-suchy-vysavac_ie5304622.jpg 1000w\" sizes=\"(max-width: 300px) 100vw, 300px\" \/><\/td>\n<\/tr>\n<\/tbody>\n<\/table>\n<p>Nebo o n\u011bco kompaktn\u011bj\u0161\u00ed <strong>mokro-such\u00fd vysava\u010d <a href=\"https:\/\/www.exkalibr.cz\/wd-6-p-s-v-30-6-22-t-1-628-360-0-mokro-suchy-vysavac_d150143.html\">WD 6 P S V-30<\/a><\/strong> s vysokou savost\u00ed, kter\u00fd je <strong>energeticky \u00fasporn\u00fd a m\u00e1 30 l n\u00e1dobu<\/strong> z nerezov\u00e9 oceli.<\/p>\n<p>&nbsp;<\/p>\n<h3><a href=\"https:\/\/www.exkalibr.cz\/dum-male-spotrebice-uklid-myti-podlah-mopy_c5952.html#cls=spresenttrees&amp;strid=5952&amp;scaid=865&amp;\">Podlahov\u00e9 my\u010dky a mopy<\/a><\/h3>\n<p>Klasick\u00e9 mopy d\u011blaj\u00ed to, co um\u011bj\u00ed: vyt\u00edraj\u00ed. <strong>Podlahov\u00e9 my\u010dky K\u00e4rcher zajist\u00ed \u010distotu. Opravdovou \u010distotu.<\/strong><\/p>\n<p>Dokonal\u00fd \u00faklid v\u0161ech tvrd\u00fdch podlah v dom\u00e1cnosti je tak hra\u010dkou. Jedn\u00edm tahem <strong>odstran\u00edte mokr\u00e9 i men\u0161\u00ed such\u00e9 ne\u010distoty<\/strong>, a to <strong>bez pot\u0159eby p\u0159edchoz\u00edho vys\u00e1v\u00e1n\u00ed<\/strong>. \u00daklid je d\u00edky tomu snaz\u0161\u00ed, rychlej\u0161\u00ed a d\u016fkladn\u011bj\u0161\u00ed. Pr\u00e1ce s nimi je velmi jednoduch\u00e1 a probl\u00e9mem nejsou ani kouty nebo rohy.<\/p>\n<p><strong>Mimo\u0159\u00e1dn\u011b siln\u00e1 <a href=\"https:\/\/www.exkalibr.cz\/karcher-br-4-300-1-783-212-0-podlahova-mycka_d150132.html\">podlahov\u00e1 my\u010dka BR 4.300 &#8211; 1.783-212.0<\/a><\/strong> pro \u00faklid i velk\u00fdch, zna\u010dn\u011b zne\u010di\u0161t\u011bn\u00fdch ploch p\u0159edev\u0161\u00edm pro profesion\u00e1ln\u00ed pou\u017eit\u00ed.<\/p>\n<table style=\"border: none;\">\n<tbody>\n<tr>\n<td style=\"border: none; text-align: center;\"><img loading=\"lazy\" decoding=\"async\" class=\"alignnone size-medium wp-image-2410\" src=\"http:\/\/blog.exkalibr.cz\/wp-content\/uploads\/2023\/12\/d0-2-300x205.jpg\" alt=\"\" width=\"300\" height=\"205\" srcset=\"https:\/\/blog.exkalibr.cz\/wp-content\/uploads\/2023\/12\/d0-2-300x205.jpg 300w, https:\/\/blog.exkalibr.cz\/wp-content\/uploads\/2023\/12\/d0-2-1024x700.jpg 1024w, https:\/\/blog.exkalibr.cz\/wp-content\/uploads\/2023\/12\/d0-2-768x525.jpg 768w, https:\/\/blog.exkalibr.cz\/wp-content\/uploads\/2023\/12\/d0-2-474x324.jpg 474w, https:\/\/blog.exkalibr.cz\/wp-content\/uploads\/2023\/12\/d0-2-1536x1050.jpg 1536w, https:\/\/blog.exkalibr.cz\/wp-content\/uploads\/2023\/12\/d0-2-640x438.jpg 640w, https:\/\/blog.exkalibr.cz\/wp-content\/uploads\/2023\/12\/d0-2.jpg 1600w\" sizes=\"(max-width: 300px) 100vw, 300px\" \/><\/td>\n<td style=\"border: none;\"><img loading=\"lazy\" decoding=\"async\" class=\"alignnone size-medium wp-image-2412\" src=\"http:\/\/blog.exkalibr.cz\/wp-content\/uploads\/2023\/12\/d1-1-300x200.jpg\" alt=\"\" width=\"300\" height=\"200\" srcset=\"https:\/\/blog.exkalibr.cz\/wp-content\/uploads\/2023\/12\/d1-1-300x200.jpg 300w, https:\/\/blog.exkalibr.cz\/wp-content\/uploads\/2023\/12\/d1-1-1024x683.jpg 1024w, https:\/\/blog.exkalibr.cz\/wp-content\/uploads\/2023\/12\/d1-1-768x512.jpg 768w, https:\/\/blog.exkalibr.cz\/wp-content\/uploads\/2023\/12\/d1-1-391x260.jpg 391w, https:\/\/blog.exkalibr.cz\/wp-content\/uploads\/2023\/12\/d1-1-640x427.jpg 640w, https:\/\/blog.exkalibr.cz\/wp-content\/uploads\/2023\/12\/d1-1.jpg 1200w\" sizes=\"(max-width: 300px) 100vw, 300px\" \/><\/td>\n<\/tr>\n<\/tbody>\n<\/table>\n<p><strong>Akumul\u00e1torov\u00fd <a href=\"https:\/\/www.exkalibr.cz\/karcher-ewm-2-1-056-300-0-aku-mop_d150130.html\">mop EWM 2<\/a><\/strong> je svou velikost\u00ed skv\u011bl\u00fd pro dom\u00e1c\u00ed pou\u017eit\u00ed. Ji\u017e \u017e\u00e1dn\u00fd t\u011b\u017ek\u00fd kybl\u00edk, ru\u010dn\u00ed \u017ed\u00edm\u00e1n\u00ed ani rozt\u00edr\u00e1n\u00ed ne\u010distot, pouze hygienick\u00e1 \u010distota a vo\u0148av\u00fd domov.<\/p>\n<p>&nbsp;<\/p>\n<h3><a href=\"https:\/\/www.exkalibr.cz\/dum-male-spotrebice-uklid-parni-cistice_c3927.html#cls=spresenttrees&amp;strid=3927&amp;scaid=865&amp;\">Parn\u00ed \u010disti\u010de<\/a><\/h3>\n<p>Parn\u00ed \u010disti\u010de nab\u00edzej\u00ed v\u0161estrann\u00e9 vyu\u017eit\u00ed a <strong>zajist\u00ed v\u00e1m \u010distou dom\u00e1cnost bez pou\u017eit\u00ed chemie<\/strong>. D\u00edky p\u00e1\u0159e zni\u010d\u00ed p\u0159\u00edstroj a\u017e 99 % v\u0161ech vir\u016f a bakteri\u00ed b\u011b\u017en\u00fdch v dom\u00e1cnosti, vyskytuj\u00edc\u00edch se na tvrd\u00fdch ploch\u00e1ch. To zajist\u00ed maxim\u00e1ln\u00ed hygienu a zdrav\u00e9 prost\u0159ed\u00ed pro \u017eivot.<strong> Vhodn\u00fd je p\u0159edev\u0161\u00edm pro \u010dist\u011bn\u00ed kuchyn\u011b nebo koupelny<\/strong>. Vyu\u017e\u00edt jej lze i jako parn\u00ed mop \u010di \u010disti\u010d oken.<\/p>\n<p><strong><a href=\"https:\/\/www.exkalibr.cz\/karcher-sc-5-easyfix-1-512-530-0-parni-cistic_d150099.html\">Parn\u00ed \u010disti\u010d SC 5 EasyFix<\/a><\/strong>\u00a0lze pou\u017e\u00edt kdekoli na povrchy, kter\u00e9 obvykle chcete vy\u010distit vlhk\u00fdm had\u0159\u00edkem nebo m\u00fddlovou vodou. SC 5 lze pou\u017e\u00edt kdekoli v dom\u00e1cnosti. <strong>Na podlahy, na tvrd\u00e9 povrchy, ve sprchov\u00e9m kout\u011b, na okna, na dla\u017edice a sanit\u00e1rn\u00ed za\u0159\u00edzen\u00ed<\/strong>.<\/p>\n<table class=\" aligncenter\" style=\"border: none;\">\n<tbody>\n<tr>\n<td style=\"border: none;\"><img loading=\"lazy\" decoding=\"async\" class=\"alignnone size-medium wp-image-2413\" src=\"http:\/\/blog.exkalibr.cz\/wp-content\/uploads\/2023\/12\/karcher-sc-1-easyfix-parni-cistic_ie465464-300x300.jpg\" alt=\"\" width=\"300\" height=\"300\" srcset=\"https:\/\/blog.exkalibr.cz\/wp-content\/uploads\/2023\/12\/karcher-sc-1-easyfix-parni-cistic_ie465464-300x300.jpg 300w, https:\/\/blog.exkalibr.cz\/wp-content\/uploads\/2023\/12\/karcher-sc-1-easyfix-parni-cistic_ie465464-150x150.jpg 150w, https:\/\/blog.exkalibr.cz\/wp-content\/uploads\/2023\/12\/karcher-sc-1-easyfix-parni-cistic_ie465464.jpg 600w\" sizes=\"(max-width: 300px) 100vw, 300px\" \/><\/td>\n<td style=\"border: none;\"><img loading=\"lazy\" decoding=\"async\" class=\"alignnone size-medium wp-image-2411\" src=\"http:\/\/blog.exkalibr.cz\/wp-content\/uploads\/2023\/12\/d0-300x300.jpg\" alt=\"\" width=\"300\" height=\"300\" srcset=\"https:\/\/blog.exkalibr.cz\/wp-content\/uploads\/2023\/12\/d0-300x300.jpg 300w, https:\/\/blog.exkalibr.cz\/wp-content\/uploads\/2023\/12\/d0-1024x1024.jpg 1024w, https:\/\/blog.exkalibr.cz\/wp-content\/uploads\/2023\/12\/d0-150x150.jpg 150w, https:\/\/blog.exkalibr.cz\/wp-content\/uploads\/2023\/12\/d0-768x768.jpg 768w, https:\/\/blog.exkalibr.cz\/wp-content\/uploads\/2023\/12\/d0-1536x1536.jpg 1536w, https:\/\/blog.exkalibr.cz\/wp-content\/uploads\/2023\/12\/d0-640x640.jpg 640w, https:\/\/blog.exkalibr.cz\/wp-content\/uploads\/2023\/12\/d0.jpg 1600w\" sizes=\"(max-width: 300px) 100vw, 300px\" \/><\/td>\n<\/tr>\n<\/tbody>\n<\/table>\n<p><strong>Kompaktn\u00ed <a href=\"https:\/\/www.exkalibr.cz\/karcher-sc-1-easyfix-parni-cistic_d59466.html\">parn\u00ed \u010disti\u010d K\u00e4rcher SC 1\u00a0EasyFix<\/a><\/strong> je za\u0159\u00edzen\u00ed ide\u00e1ln\u00ed pro rychl\u00e9 a d\u016fkladn\u00e9 mezi\u010di\u0161t\u011bn\u00ed. A\u017e budete hotovi, m\u016f\u017eete jej ulo\u017eit p\u0159esn\u011b tam, kde je pot\u0159eba, ani\u017e by zab\u00edral mnoho m\u00edsta. A\u0165 u\u017e se jedn\u00e1 o <strong>\u010di\u0161t\u011bn\u00ed armatur, dla\u017edic, varn\u00fdch desek, digesto\u0159\u00ed nebo nejmen\u0161\u00edch prasklin a v\u00fdklenk\u016f<\/strong> \u2013 v\u00fdkonn\u00e1 p\u00e1ra a rozs\u00e1hl\u00e1 \u0159ada p\u0159\u00edslu\u0161enstv\u00ed zajist\u00ed bezchybn\u00e9 v\u00fdsledky.<\/p>\n<p>&nbsp;<\/p>\n<h3><a href=\"https:\/\/www.exkalibr.cz\/dum-male-spotrebice-uklid-sterky-na-sklo_c5169.html#cls=spresenttrees&amp;strid=5169&amp;scaid=865&amp;\">St\u011brky na okna a skla<\/a><\/h3>\n<p>Okenn\u00ed vysava\u010de se postaraj\u00ed o <strong>dokonale \u010dist\u00e9 sklen\u011bn\u00e9 plochy v cel\u00e9 va\u0161\u00ed dom\u00e1cnosti<\/strong>, a to bez zbyte\u010dn\u00e9 n\u00e1mahy. Ka\u017ed\u00fd \u010disti\u010d oken K\u00e4rcher <strong>p\u0159i myt\u00ed ods\u00e1v\u00e1 p\u0159ebyte\u010dnou vodu<\/strong>, proto s n\u00edm velmi snadno a rychle dos\u00e1hnete perfektn\u00edho v\u00fdsledku bez zbytk\u016f a \u0161mouh.<\/p>\n<p><strong><a href=\"https:\/\/www.exkalibr.cz\/karcher-1-633-530-0-wv-6-premium-aku-sterka_d150142.html\">Okenn\u00ed aku st\u011brka WV 6 PREMIUM<\/a><\/strong> s extra dlouhou dobou chodu zaru\u010duje \u010di\u0161t\u011bn\u00ed bez zbyte\u010dn\u00e9ho p\u0159eru\u0161ov\u00e1n\u00ed. <strong>Venkovn\u00ed hrub\u00e9 n\u00e1nosy efektivn\u011b odstran\u00ed Outdoor potah z mikrovl\u00e1kna a \u0161krabka na odoln\u00e9 ne\u010distoty<\/strong>, s interi\u00e9rem si n\u00e1sledn\u011b porad\u00ed potah na vnit\u0159n\u00ed prostory.<\/p>\n<table class=\" aligncenter\" style=\"border: none;\">\n<tbody>\n<tr>\n<td style=\"border: none;\"><img loading=\"lazy\" decoding=\"async\" class=\"size-medium wp-image-2416 aligncenter\" src=\"http:\/\/blog.exkalibr.cz\/wp-content\/uploads\/2023\/12\/ster-300x200.jpg\" alt=\"\" width=\"300\" height=\"200\" srcset=\"https:\/\/blog.exkalibr.cz\/wp-content\/uploads\/2023\/12\/ster-300x200.jpg 300w, https:\/\/blog.exkalibr.cz\/wp-content\/uploads\/2023\/12\/ster-1024x683.jpg 1024w, https:\/\/blog.exkalibr.cz\/wp-content\/uploads\/2023\/12\/ster-768x512.jpg 768w, https:\/\/blog.exkalibr.cz\/wp-content\/uploads\/2023\/12\/ster-391x260.jpg 391w, https:\/\/blog.exkalibr.cz\/wp-content\/uploads\/2023\/12\/ster-640x427.jpg 640w, https:\/\/blog.exkalibr.cz\/wp-content\/uploads\/2023\/12\/ster.jpg 1200w\" sizes=\"(max-width: 300px) 100vw, 300px\" \/><\/td>\n<td style=\"border: none;\"><img loading=\"lazy\" decoding=\"async\" class=\"alignnone size-medium wp-image-2418\" src=\"http:\/\/blog.exkalibr.cz\/wp-content\/uploads\/2023\/12\/d1-2-300x201.jpg\" alt=\"\" width=\"300\" height=\"201\" srcset=\"https:\/\/blog.exkalibr.cz\/wp-content\/uploads\/2023\/12\/d1-2-300x201.jpg 300w, https:\/\/blog.exkalibr.cz\/wp-content\/uploads\/2023\/12\/d1-2-1024x684.jpg 1024w, https:\/\/blog.exkalibr.cz\/wp-content\/uploads\/2023\/12\/d1-2-768x513.jpg 768w, https:\/\/blog.exkalibr.cz\/wp-content\/uploads\/2023\/12\/d1-2-640x428.jpg 640w, https:\/\/blog.exkalibr.cz\/wp-content\/uploads\/2023\/12\/d1-2.jpg 1200w\" sizes=\"(max-width: 300px) 100vw, 300px\" \/><\/td>\n<\/tr>\n<\/tbody>\n<\/table>\n<p><strong><a href=\"https:\/\/www.exkalibr.cz\/karcher-wv-5-premium-aku-sterka-1-633-453_d66404.html\">Okenn\u00ed vysava\u010d WV 5 PLUS N<\/a><\/strong> je o \u0159adu ni\u017e\u0161\u00ed, ale stejn\u011b praktick\u00fd pomocn\u00edk. <strong>Snadn\u00e9 myt\u00ed oken bez le\u0161t\u011bn\u00ed a st\u00e9kaj\u00edc\u00edch kapek vody<\/strong> zaji\u0161\u0165uje unik\u00e1tn\u00ed technologie sac\u00ed st\u011brky. Vybrat si m\u016f\u017eete ze dvou velikost\u00ed n\u00e1stavc\u016f.<\/p>\n<p>&nbsp;<\/p>\n<h3><a href=\"https:\/\/www.exkalibr.cz\/dum-male-spotrebice-uklid-tepovace_c21842.html\">Tepova\u010de a extraktory<\/a><\/h3>\n<p>M\u00e1te za\u0161l\u00fd koberec, \u0161pinav\u00fd gau\u010d nebo flekat\u00e9 autoseda\u010dky? S t\u00edm si porad\u00ed <strong>tepova\u010de K\u00e4rcher\u00a0<\/strong>raz dva. D\u00edky v\u00fdkonn\u00e9mu motoru odstran\u00ed i odoln\u00e9 skvrny a mastnotu. Snadno se ovl\u00e1daj\u00ed a dlouho vydr\u017e\u00ed i p\u0159i ka\u017edodenn\u00edm \u00faklidu. Zanech\u00e1vaj\u00ed pouze minimum vlhkosti, tak\u017ee m\u016f\u017eete povrchy brzy znovu pou\u017e\u00edt. <strong>Ide\u00e1ln\u00ed do dom\u00e1cnost\u00ed se zv\u00ed\u0159aty, d\u011btmi a alergiky<\/strong>, kde vytv\u00e1\u0159ej\u00ed bezpe\u010dn\u00fd a \u010dist\u00fd prostor pro \u017eivot.<\/p>\n<p><strong><a href=\"https:\/\/www.exkalibr.cz\/karcher-se-4002-1-081-140-0-tepovac-kobercu_d150136.html\">Tepova\u010d SE 4002<\/a><\/strong>, to je intenzivn\u00ed p\u00e9\u010de o va\u0161e koberce a \u010daloun\u011bn\u00ed. <strong>Vys\u00e1v\u00e1 such\u00e9 i mokr\u00e9 ne\u010distoty<\/strong>, a dokonce tak\u00e9 hloubkov\u011b \u010dist\u00ed. Pro textilie znovu jako nov\u00e9 i v dom\u00e1cnostech se zv\u00ed\u0159ec\u00edmi mazl\u00ed\u010dky a d\u011btmi.<\/p>\n<table class=\" aligncenter\" style=\"border: none;\">\n<tbody>\n<tr>\n<td style=\"border: none;\"><img loading=\"lazy\" decoding=\"async\" class=\"size-medium wp-image-2419 aligncenter\" src=\"http:\/\/blog.exkalibr.cz\/wp-content\/uploads\/2023\/12\/karcher-puzzi-10-1-1-100-130-0-extraktor_ie5304607-300x300.jpg\" alt=\"\" width=\"300\" height=\"300\" srcset=\"https:\/\/blog.exkalibr.cz\/wp-content\/uploads\/2023\/12\/karcher-puzzi-10-1-1-100-130-0-extraktor_ie5304607-300x300.jpg 300w, https:\/\/blog.exkalibr.cz\/wp-content\/uploads\/2023\/12\/karcher-puzzi-10-1-1-100-130-0-extraktor_ie5304607-1024x1024.jpg 1024w, https:\/\/blog.exkalibr.cz\/wp-content\/uploads\/2023\/12\/karcher-puzzi-10-1-1-100-130-0-extraktor_ie5304607-150x150.jpg 150w, https:\/\/blog.exkalibr.cz\/wp-content\/uploads\/2023\/12\/karcher-puzzi-10-1-1-100-130-0-extraktor_ie5304607-768x768.jpg 768w, https:\/\/blog.exkalibr.cz\/wp-content\/uploads\/2023\/12\/karcher-puzzi-10-1-1-100-130-0-extraktor_ie5304607-1536x1536.jpg 1536w, https:\/\/blog.exkalibr.cz\/wp-content\/uploads\/2023\/12\/karcher-puzzi-10-1-1-100-130-0-extraktor_ie5304607-640x640.jpg 640w, https:\/\/blog.exkalibr.cz\/wp-content\/uploads\/2023\/12\/karcher-puzzi-10-1-1-100-130-0-extraktor_ie5304607.jpg 1600w\" sizes=\"(max-width: 300px) 100vw, 300px\" \/><\/td>\n<td style=\"border: none;\"><img loading=\"lazy\" decoding=\"async\" class=\"size-medium wp-image-2420 aligncenter\" src=\"http:\/\/blog.exkalibr.cz\/wp-content\/uploads\/2023\/12\/d0-3-300x300.jpg\" alt=\"\" width=\"300\" height=\"300\" srcset=\"https:\/\/blog.exkalibr.cz\/wp-content\/uploads\/2023\/12\/d0-3-300x300.jpg 300w, https:\/\/blog.exkalibr.cz\/wp-content\/uploads\/2023\/12\/d0-3-1024x1024.jpg 1024w, https:\/\/blog.exkalibr.cz\/wp-content\/uploads\/2023\/12\/d0-3-150x150.jpg 150w, https:\/\/blog.exkalibr.cz\/wp-content\/uploads\/2023\/12\/d0-3-768x768.jpg 768w, https:\/\/blog.exkalibr.cz\/wp-content\/uploads\/2023\/12\/d0-3-1536x1536.jpg 1536w, https:\/\/blog.exkalibr.cz\/wp-content\/uploads\/2023\/12\/d0-3-640x640.jpg 640w, https:\/\/blog.exkalibr.cz\/wp-content\/uploads\/2023\/12\/d0-3.jpg 1600w\" sizes=\"(max-width: 300px) 100vw, 300px\" \/><\/td>\n<\/tr>\n<\/tbody>\n<\/table>\n<p><strong><a href=\"https:\/\/www.exkalibr.cz\/karcher-puzzi-10-1-1-100-130-0-extraktor_d150128.html\">Extraktor Puzzi 10\/1<\/a><\/strong> je spolehliv\u00fd stroj, kter\u00fd se perfektn\u011b hod\u00ed k \u00faklidu men\u0161\u00edch ploch. <strong>D\u016fkladn\u011b vy\u010dist\u00ed koberce i \u010daloun\u011bn\u00ed do hloubky vl\u00e1ken<\/strong>.<\/p>\n<p>&nbsp;<\/p>\n<h3><a href=\"https:\/\/www.exkalibr.cz\/zahrada-zahradni-naradi-vysokotlake-cistice_c5171.html#cls=spresenttrees&amp;strid=5171&amp;scaid=865&amp;\">Tlakov\u00e9 my\u010dky<\/a><\/h3>\n<p><strong>Tlakov\u00e1 my\u010dka K\u00e4rcher<\/strong> vy\u010dist\u00ed v\u00e1\u0161 d\u016fm i v\u0161e kolem n\u011bj. A to rychle a efektivn\u011b. Dok\u00e1\u017ee zbavit \u0161p\u00edny v\u0161e, na co si jen vzpomenete &#8211; <strong>fas\u00e1dy, auta, zahradn\u00ed n\u00e1bytek, n\u00e1\u0159ad\u00ed, terasy i chodn\u00edky<\/strong>. Vapka navr\u00e1t\u00ed lesk a novotu i star\u00fdm, za\u0161l\u00fdm p\u0159edm\u011bt\u016fm.<\/p>\n<p class=\"ribbonmobile\"><strong><a href=\"https:\/\/www.exkalibr.cz\/karcher-hd-5-15-cx-plus-1-520-934-0-vysokotlaky-cistic_d150120.html\">Profesion\u00e1ln\u00ed tlakov\u00fd \u010disti\u010d HD 5\/15 CX PLUS<\/a><\/strong> \u00a0zvl\u00e1d\u00e1 \u00faklid v horizont\u00e1ln\u00ed i vertik\u00e1ln\u00ed poloze.<strong> D\u00edky vysok\u00e9mu pracovn\u00edmu tlaku 15 MPa odstran\u00ed i odoln\u00e9 ne\u010distoty<\/strong>. \u010cerpadlo nav\u00edc chr\u00e1n\u00ed automatick\u00e1 p\u0159etlakov\u00e1 pojistka, kter\u00e1 prodlu\u017euje \u017eivotnost za\u0159\u00edzen\u00ed.<\/p>\n<table class=\" aligncenter\" style=\"border: none;\">\n<tbody>\n<tr>\n<td style=\"border: none;\"><img loading=\"lazy\" decoding=\"async\" class=\"size-medium wp-image-2421 aligncenter\" src=\"http:\/\/blog.exkalibr.cz\/wp-content\/uploads\/2023\/12\/d1-3-300x200.jpg\" alt=\"\" width=\"300\" height=\"200\" srcset=\"https:\/\/blog.exkalibr.cz\/wp-content\/uploads\/2023\/12\/d1-3-300x200.jpg 300w, https:\/\/blog.exkalibr.cz\/wp-content\/uploads\/2023\/12\/d1-3-1024x683.jpg 1024w, https:\/\/blog.exkalibr.cz\/wp-content\/uploads\/2023\/12\/d1-3-768x512.jpg 768w, https:\/\/blog.exkalibr.cz\/wp-content\/uploads\/2023\/12\/d1-3-391x260.jpg 391w, https:\/\/blog.exkalibr.cz\/wp-content\/uploads\/2023\/12\/d1-3-640x427.jpg 640w, https:\/\/blog.exkalibr.cz\/wp-content\/uploads\/2023\/12\/d1-3.jpg 1200w\" sizes=\"(max-width: 300px) 100vw, 300px\" \/><\/td>\n<td style=\"border: none;\"><img loading=\"lazy\" decoding=\"async\" class=\"size-medium wp-image-2422 aligncenter\" src=\"http:\/\/blog.exkalibr.cz\/wp-content\/uploads\/2023\/12\/16800180-300x200.jpg\" alt=\"\" width=\"300\" height=\"200\" srcset=\"https:\/\/blog.exkalibr.cz\/wp-content\/uploads\/2023\/12\/16800180-300x200.jpg 300w, https:\/\/blog.exkalibr.cz\/wp-content\/uploads\/2023\/12\/16800180-1024x683.jpg 1024w, https:\/\/blog.exkalibr.cz\/wp-content\/uploads\/2023\/12\/16800180-768x512.jpg 768w, https:\/\/blog.exkalibr.cz\/wp-content\/uploads\/2023\/12\/16800180-391x260.jpg 391w, https:\/\/blog.exkalibr.cz\/wp-content\/uploads\/2023\/12\/16800180-640x427.jpg 640w, https:\/\/blog.exkalibr.cz\/wp-content\/uploads\/2023\/12\/16800180.jpg 1200w\" sizes=\"(max-width: 300px) 100vw, 300px\" \/><\/td>\n<\/tr>\n<\/tbody>\n<\/table>\n<p><strong><a href=\"https:\/\/www.exkalibr.cz\/karcher-oc-3-1-680-017-0-prenosna-tlakova-mycka_d150097.html\">Mobiln\u00ed aku tlakov\u00e1 my\u010dka OC 3 Box<\/a><\/strong> zbav\u00ed ne\u010distot va\u0161e obl\u00edben\u00e9 <strong>j\u00edzdn\u00ed kolo, auto, motorku \u010di dokonce umyje v\u00e1s i va\u0161eho chlup\u00e1\u010de<\/strong>. Vyu\u017eijete ji na cest\u00e1ch i p\u0159i b\u011b\u017en\u00e9 dom\u00e1c\u00ed \u00fadr\u017eb\u011b. <strong>Je mal\u00e1, skladn\u00e1, a nav\u00edc nepot\u0159ebuje p\u0159\u00edvod vody ani elekt\u0159iny<\/strong>. Dostatek energie p\u0159\u00edstroji zajist\u00ed v\u00fdkonn\u00e1 li-on baterie.<\/p>\n<p style=\"text-align: center;\">U\u017e se t\u011b\u0161\u00edte na \u00faklid s t\u011bmito pomocn\u00edky? Objednejte si je na na\u0161em <a href=\"https:\/\/www.exkalibr.cz\/k-karcher_c14855.html\">e-shopu<\/a> je\u0161t\u011b dnes, a\u0165 si stihnete ud\u011blat radost pod strome\u010dek!<\/p>\n<p style=\"text-align: center;\">P\u0159i jak\u00fdchkoli dotazech \u010di nejasnostech n\u00e1s nev\u00e1hejte <a href=\"https:\/\/www.exkalibr.cz\/kontakty_ma47.html&amp;tm=9\">kontaktovat <\/a>n a nezapome\u0148te sledovat na\u0161i <span style=\"color: #0000ff;\"><a style=\"color: #0000ff;\" href=\"https:\/\/www.facebook.com\/exkalibrcz\">facebookovou<\/a><\/span> str\u00e1nku pro rychl\u00fd p\u0159ehled o d\u011bn\u00ed ve sv\u011bt\u011b n\u00e1\u0159ad\u00ed a pracovn\u00edch stroj\u016f.<\/p>\n<p>&nbsp;<\/p>\n<p>Kr\u00e1sn\u00fd den a po\u0159\u00e1dek v d\u00edln\u011b i byt\u011b V\u00e1m p\u0159eje t\u00fdm Exkalirb s.r.o.<\/p>\n","protected":false},"excerpt":{"rendered":"<p>V\u00fdrobky K\u00c4RCHER jsou z\u00e1rukou pro \u010distotu a po\u0159\u00e1dek kdekoliv \u0160irok\u00fd sortiment zna\u010dky K\u00c4RCHER pom\u016f\u017ee zajistit dokonal\u00fd \u00faklid v\u0161ech ploch v dom\u00e1cnosti i profesion\u00e1ln\u00ed d\u00edln\u011b. Modern\u00ed design a vysok\u00fd v\u00fdkon tyto&#8230;<\/p>\n","protected":false},"author":5,"featured_media":2423,"comment_status":"open","ping_status":"open","sticky":false,"template":"","format":"standard","meta":{"footnotes":""},"categories":[12,170],"tags":[172,171],"_links":{"self":[{"href":"https:\/\/blog.exkalibr.cz\/index.php\/wp-json\/wp\/v2\/posts\/2407"}],"collection":[{"href":"https:\/\/blog.exkalibr.cz\/index.php\/wp-json\/wp\/v2\/posts"}],"about":[{"href":"https:\/\/blog.exkalibr.cz\/index.php\/wp-json\/wp\/v2\/types\/post"}],"author":[{"embeddable":true,"href":"https:\/\/blog.exkalibr.cz\/index.php\/wp-json\/wp\/v2\/users\/5"}],"replies":[{"embeddable":true,"href":"https:\/\/blog.exkalibr.cz\/index.php\/wp-json\/wp\/v2\/comments?post=2407"}],"version-history":[{"count":6,"href":"https:\/\/blog.exkalibr.cz\/index.php\/wp-json\/wp\/v2\/posts\/2407\/revisions"}],"predecessor-version":[{"id":2427,"href":"https:\/\/blog.exkalibr.cz\/index.php\/wp-json\/wp\/v2\/posts\/2407\/revisions\/2427"}],"wp:featuredmedia":[{"embeddable":true,"href":"https:\/\/blog.exkalibr.cz\/index.php\/wp-json\/wp\/v2\/media\/2423"}],"wp:attachment":[{"href":"https:\/\/blog.exkalibr.cz\/index.php\/wp-json\/wp\/v2\/media?parent=2407"}],"wp:term":[{"taxonomy":"category","embeddable":true,"href":"https:\/\/blog.exkalibr.cz\/index.php\/wp-json\/wp\/v2\/categories?post=2407"},{"taxonomy":"post_tag","embeddable":true,"href":"https:\/\/blog.exkalibr.cz\/index.php\/wp-json\/wp\/v2\/tags?post=2407"}],"curies":[{"name":"wp","href":"https:\/\/api.w.org\/{rel}","templated":true}]}}