{"id":241,"date":"2018-04-10T21:40:01","date_gmt":"2018-04-10T21:40:01","guid":{"rendered":"http:\/\/blog.exkalibr.cz\/?p=241"},"modified":"2019-01-09T21:48:19","modified_gmt":"2019-01-09T21:48:19","slug":"jarni-novinky-v-sortimentu-festool","status":"publish","type":"post","link":"https:\/\/blog.exkalibr.cz\/index.php\/2018\/04\/10\/jarni-novinky-v-sortimentu-festool\/","title":{"rendered":"Jarn\u00ed novinky v sortimentu Festool"},"content":{"rendered":"<div class=\"wntext\">\n<div class=\"out\">\n<div class=\"in\">\n<p>Do na\u0161\u00ed nab\u00eddky jsme pr\u00e1v\u011b za\u0159adili\u00a0jarn\u00ed novinky Festool. Nej\u017ehav\u011bj\u0161\u00ed novinkou je zbrusu nov\u00e1 akumul\u00e1torov\u00e1 pila na izola\u010dn\u00ed materi\u00e1ly.<\/p>\n<\/div>\n<\/div>\n<\/div>\n<div class=\"wnnote\">\n<div class=\"out\">\n<div class=\"in\">\n<p><strong><a href=\"https:\/\/www.exkalibr.cz\/elektro-naradi-pily-pily-na-rezani-izolacnich-desek_c1923.html#cls=spresenttrees&amp;strid=1923&amp;sps_v_69=20180401&amp;\">Pily ISC 240<\/a><\/strong>, v\u010d. p\u0159\u00edslu\u0161enstv\u00ed si m\u016f\u017eete prohl\u00e9dnout\u00a0<strong><a href=\"https:\/\/www.exkalibr.cz\/elektro-naradi-pily_c343.html#cls=spresenttrees&amp;strid=343&amp;sps_v_69=20180401&amp;\">zde<\/a><\/strong>. Pila bude dostupn\u00e1 od kv\u011btna, nicm\u00e9n\u011b ji\u017e te\u010f na n\u00ed p\u0159ij\u00edm\u00e1me p\u0159edobjedn\u00e1vky. Dal\u0161\u00ed nem\u00e9n\u011b zaj\u00edmavou novinkou je pak nov\u00fd\u00a0<strong><a href=\"https:\/\/www.exkalibr.cz\/elektro-naradi-frezky-prislusenstvi-a-spotrebni-material_c2196.html#cls=spresenttrees&amp;strid=2196&amp;sps_v_69=20180401&amp;\">sortiment rozeb\u00edrateln\u00fdch spojovac\u00edch prvk\u016f pro fr\u00e9zu DOMINO DF 500<\/a><\/strong>, nov\u00e9\u00a0<strong><a href=\"https:\/\/www.exkalibr.cz\/elektro-naradi-kufry-a-poradace-na-naradi-systainery_c313.html#cls=spresenttrees&amp;strid=313&amp;sps_v_69=20180401&amp;\">systainery<\/a><\/strong>,\u00a0<strong><a href=\"https:\/\/www.exkalibr.cz\/elektro-naradi-organizace-pracoviste-zarizeni-pracoviste_c2001.html#cls=spresenttrees&amp;strid=2001&amp;sps_v_69=20180401&amp;\">plug-it kabely<\/a><\/strong>,\u00a0<strong><a href=\"https:\/\/www.exkalibr.cz\/elektro-naradi-vysavace_c381.html#cls=spresenttrees&amp;strid=381&amp;sps_v_69=20180401&amp;\">hubice<\/a><\/strong>\u00a0a<strong><a href=\"https:\/\/www.exkalibr.cz\/festool-st-bag-ochranny-vak-203639-_d43897.html\">transportn\u00ed vak na stavebn\u00ed sv\u011btlo\u00a0STL 450, stativ\u00a0a adapt\u00e9r<\/a><\/strong>.<\/p>\n<p>V\u0161echny jarn\u00ed novinky si m\u016f\u017eete prohl\u00e9dnout\u00a0<strong><a href=\"https:\/\/www.exkalibr.cz\/elektro-naradi_c213.html#cls=spresenttrees&amp;strid=213&amp;sps_v_69=20180401&amp;\">zde<\/a><\/strong>.<\/p>\n<p><img loading=\"lazy\" decoding=\"async\" class=\"size-full wp-image-243 aligncenter\" src=\"http:\/\/blog.exkalibr.cz\/wp-content\/uploads\/2019\/01\/zoom_fr_vd8_000000_a_01a.jpg\" alt=\"\" width=\"500\" height=\"190\" srcset=\"https:\/\/blog.exkalibr.cz\/wp-content\/uploads\/2019\/01\/zoom_fr_vd8_000000_a_01a.jpg 500w, https:\/\/blog.exkalibr.cz\/wp-content\/uploads\/2019\/01\/zoom_fr_vd8_000000_a_01a-300x114.jpg 300w\" sizes=\"(max-width: 500px) 100vw, 500px\" \/><\/p>\n<\/div>\n<\/div>\n<\/div>\n","protected":false},"excerpt":{"rendered":"<p>Do na\u0161\u00ed nab\u00eddky jsme pr\u00e1v\u011b za\u0159adili\u00a0jarn\u00ed novinky Festool. Nej\u017ehav\u011bj\u0161\u00ed novinkou je zbrusu nov\u00e1 akumul\u00e1torov\u00e1 pila na izola\u010dn\u00ed materi\u00e1ly. Pily ISC 240, v\u010d. p\u0159\u00edslu\u0161enstv\u00ed si m\u016f\u017eete prohl\u00e9dnout\u00a0zde. Pila bude dostupn\u00e1 od&#8230;<\/p>\n","protected":false},"author":1,"featured_media":245,"comment_status":"open","ping_status":"open","sticky":false,"template":"","format":"standard","meta":{"footnotes":""},"categories":[12],"tags":[37,10,36],"_links":{"self":[{"href":"https:\/\/blog.exkalibr.cz\/index.php\/wp-json\/wp\/v2\/posts\/241"}],"collection":[{"href":"https:\/\/blog.exkalibr.cz\/index.php\/wp-json\/wp\/v2\/posts"}],"about":[{"href":"https:\/\/blog.exkalibr.cz\/index.php\/wp-json\/wp\/v2\/types\/post"}],"author":[{"embeddable":true,"href":"https:\/\/blog.exkalibr.cz\/index.php\/wp-json\/wp\/v2\/users\/1"}],"replies":[{"embeddable":true,"href":"https:\/\/blog.exkalibr.cz\/index.php\/wp-json\/wp\/v2\/comments?post=241"}],"version-history":[{"count":1,"href":"https:\/\/blog.exkalibr.cz\/index.php\/wp-json\/wp\/v2\/posts\/241\/revisions"}],"predecessor-version":[{"id":244,"href":"https:\/\/blog.exkalibr.cz\/index.php\/wp-json\/wp\/v2\/posts\/241\/revisions\/244"}],"wp:featuredmedia":[{"embeddable":true,"href":"https:\/\/blog.exkalibr.cz\/index.php\/wp-json\/wp\/v2\/media\/245"}],"wp:attachment":[{"href":"https:\/\/blog.exkalibr.cz\/index.php\/wp-json\/wp\/v2\/media?parent=241"}],"wp:term":[{"taxonomy":"category","embeddable":true,"href":"https:\/\/blog.exkalibr.cz\/index.php\/wp-json\/wp\/v2\/categories?post=241"},{"taxonomy":"post_tag","embeddable":true,"href":"https:\/\/blog.exkalibr.cz\/index.php\/wp-json\/wp\/v2\/tags?post=241"}],"curies":[{"name":"wp","href":"https:\/\/api.w.org\/{rel}","templated":true}]}}