{"id":2504,"date":"2024-02-06T13:15:47","date_gmt":"2024-02-06T12:15:47","guid":{"rendered":"https:\/\/blog.exkalibr.cz\/?p=2504"},"modified":"2024-02-07T10:18:28","modified_gmt":"2024-02-07T09:18:28","slug":"pripravte-se-na-jarni-peci-o-zahradu-zde-je-6-tipu-jak-na-to","status":"publish","type":"post","link":"https:\/\/blog.exkalibr.cz\/index.php\/2024\/02\/06\/pripravte-se-na-jarni-peci-o-zahradu-zde-je-6-tipu-jak-na-to\/","title":{"rendered":"P\u0159ipravte se na jarn\u00ed p\u00e9\u010di o zahradu, zde je 6 tip\u016f jak na to."},"content":{"rendered":"<h1 style=\"text-align: center;\"><strong>Jak se postarat o zahradu po zim\u011b: D\u016fle\u017eit\u00e9 \u00fakoly a tipy<\/strong><\/h1>\n<p>&nbsp;<\/p>\n<p style=\"text-align: center;\">Po zim\u011b je ide\u00e1ln\u00ed \u010das vr\u00e1tit se do zahrady a p\u0159ipravit ji na novou sez\u00f3nu. Zde je n\u011bkolik d\u016fle\u017eit\u00fdch \u00fakol\u016f a tip\u016f, kter\u00e9 v\u00e1m pomohou obnovit kr\u00e1su va\u0161\u00ed zahrady.<\/p>\n<hr \/>\n<p>&nbsp;<\/p>\n<h4><strong>1. \u0158ez stromk\u016f a ke\u0159\u016f:<\/strong><\/h4>\n<p>Po zim\u011b je vhodn\u00fd \u010das pro \u0159ez\u00e1n\u00ed stromk\u016f a ke\u0159\u016f, aby se podpo\u0159il jejich <strong>zdrav\u00fd r\u016fst a tvarov\u00e1n\u00ed<\/strong>. <strong>Odstra\u0148te odum\u0159el\u00e9 v\u011btve a ty, kter\u00e9 rostou dovnit\u0159 stromu<\/strong>. Dbejte na to, aby \u0159ez byl \u010dist\u00fd a proveden\u00fd pod spr\u00e1vn\u00fdm \u00fahlem, aby se minimalizovalo riziko infekce. Pro zkracov\u00e1n\u00ed v\u011btv\u00ed vysoko nad zem\u00ed se skv\u011ble hod\u00ed <strong>aku <a href=\"https:\/\/www.exkalibr.cz\/zahrada-zahradni-naradi-rezani-dreva-vyvetvovaci-pily_c4962.html\">vyv\u011btvovac\u00ed pily<\/a><\/strong> a v\u011btvi\u010dky v dosahu m\u016f\u017eete zkr\u00e1tit <strong><a href=\"https:\/\/www.exkalibr.cz\/zahrada-zahradni-naradi-sekacky-a-zahradni-nuzky-zahradni-nuzky_c20782.html\">n\u016f\u017ekami<\/a>.<\/strong><\/p>\n<p><img loading=\"lazy\" decoding=\"async\" class=\"aligncenter wp-image-2510 size-full\" src=\"http:\/\/blog.exkalibr.cz\/wp-content\/uploads\/2024\/02\/Ecomm_Small-DCMPP568P1_A1.jpg\" alt=\"\" width=\"678\" height=\"450\" srcset=\"https:\/\/blog.exkalibr.cz\/wp-content\/uploads\/2024\/02\/Ecomm_Small-DCMPP568P1_A1.jpg 678w, https:\/\/blog.exkalibr.cz\/wp-content\/uploads\/2024\/02\/Ecomm_Small-DCMPP568P1_A1-300x199.jpg 300w, https:\/\/blog.exkalibr.cz\/wp-content\/uploads\/2024\/02\/Ecomm_Small-DCMPP568P1_A1-391x260.jpg 391w, https:\/\/blog.exkalibr.cz\/wp-content\/uploads\/2024\/02\/Ecomm_Small-DCMPP568P1_A1-640x425.jpg 640w\" sizes=\"(max-width: 678px) 100vw, 678px\" \/><\/p>\n<p>&nbsp;<\/p>\n<h4><strong>2. Provzdu\u0161n\u011bn\u00ed p\u016fdy:<\/strong><\/h4>\n<p>Zima zp\u016fsobuje zhutn\u011bn\u00ed p\u016fdy ve va\u0161\u00ed zahrad\u011b. <strong>Pomozte p\u016fd\u011b d\u00fdchat<\/strong> t\u00edm, \u017ee ji provzdu\u0161n\u00edte. Pou\u017eijte <strong>hr\u00e1b\u011b nebo speci\u00e1ln\u00ed n\u00e1stroje<\/strong> k provzdu\u0161n\u011bn\u00ed povrchu p\u016fdy, co\u017e <strong>zlep\u0161\u00ed propustnost vzduchu, vody a \u017eivin<\/strong>\u00a0k rostlin\u00e1m. K tomuto \u00fa\u010delu v\u00e1m nab\u00edz\u00edme <strong><a href=\"https:\/\/www.exkalibr.cz\/zahrada-zahradni-naradi-sekacky-a-zahradni-nuzky-provzdusnovace-travniku_c18700.html\">elektrick\u00fd provzdu\u0161\u0148ova\u010d B&amp;D<\/a>.<\/strong><\/p>\n<p><img loading=\"lazy\" decoding=\"async\" class=\"aligncenter wp-image-2509 size-full\" src=\"http:\/\/blog.exkalibr.cz\/wp-content\/uploads\/2024\/02\/Ecomm_Small-GD300_A7.jpg\" alt=\"\" width=\"678\" height=\"450\" srcset=\"https:\/\/blog.exkalibr.cz\/wp-content\/uploads\/2024\/02\/Ecomm_Small-GD300_A7.jpg 678w, https:\/\/blog.exkalibr.cz\/wp-content\/uploads\/2024\/02\/Ecomm_Small-GD300_A7-300x199.jpg 300w, https:\/\/blog.exkalibr.cz\/wp-content\/uploads\/2024\/02\/Ecomm_Small-GD300_A7-391x260.jpg 391w, https:\/\/blog.exkalibr.cz\/wp-content\/uploads\/2024\/02\/Ecomm_Small-GD300_A7-640x425.jpg 640w\" sizes=\"(max-width: 678px) 100vw, 678px\" \/><\/p>\n<p>&nbsp;<\/p>\n<h4><strong>3. Plet\u00ed:<\/strong><\/h4>\n<p>Zima m\u016f\u017ee tak\u00e9 p\u0159in\u00e9st necht\u011bn\u00e9 plevely do va\u0161\u00ed zahrady. P\u0159edt\u00edm ne\u017e plevely za\u010dnou r\u016fst a roz\u0161i\u0159ovat se, v\u011bnujte \u010das plet\u00ed. Odstra\u0148te plevely ru\u010dn\u011b nebo pou\u017eijte mul\u010dovac\u00ed techniky, kter\u00e9 pomohou potla\u010dit jejich r\u016fst. Abyste ochr\u00e1nili sv\u00e9 ruce, m\u00e1me na eshopu dostatek <strong><a href=\"https:\/\/www.exkalibr.cz\/ochranne-pomucky-rukavice_c2883.html\">pracovn\u00edch rukavic<\/a>.<\/strong><\/p>\n<p><img loading=\"lazy\" decoding=\"async\" class=\"aligncenter wp-image-2512 size-full\" src=\"http:\/\/blog.exkalibr.cz\/wp-content\/uploads\/2024\/02\/24474-560942-1__008.jpg\" alt=\"\" width=\"675\" height=\"450\" srcset=\"https:\/\/blog.exkalibr.cz\/wp-content\/uploads\/2024\/02\/24474-560942-1__008.jpg 675w, https:\/\/blog.exkalibr.cz\/wp-content\/uploads\/2024\/02\/24474-560942-1__008-300x200.jpg 300w, https:\/\/blog.exkalibr.cz\/wp-content\/uploads\/2024\/02\/24474-560942-1__008-391x260.jpg 391w, https:\/\/blog.exkalibr.cz\/wp-content\/uploads\/2024\/02\/24474-560942-1__008-640x427.jpg 640w\" sizes=\"(max-width: 675px) 100vw, 675px\" \/><\/p>\n<p>&nbsp;<\/p>\n<h4><strong>4. Kontrola \u0161k\u016fdc\u016f a nemoc\u00ed:<\/strong><\/h4>\n<p>B\u011bhem zimy p\u0159e\u017e\u00edvaj\u00ed \u0161k\u016fdci a nemoci na rostlin\u00e1ch \u010di v p\u016fd\u011b. Prozkoumejte va\u0161e rostliny a hle\u010fte na jejich p\u0159\u00edznaky. Pokud naraz\u00edte na probl\u00e9my, <strong>p\u0159ijm\u011bte vhodn\u00e9 opat\u0159en\u00ed, abyste ochr\u00e1nili zdrav\u00ed va\u0161ich rostlin.<\/strong> Pro zjednodu\u0161en\u00ed aplikace post\u0159ik\u016f jsou ide\u00e1ln\u00ed <strong><a href=\"https:\/\/www.exkalibr.cz\/zahrada-pestovani-tlakove-postrikovace_c21907.html\">tlakov\u00e9 post\u0159ikova\u010de<\/a>, do kter\u00fdch si m\u016f\u017eete na\u0159edit <\/strong><a href=\"https:\/\/www.exkalibr.cz\/zahrada-pestovani-pesticidy-a-herbicidy_c19583.html\"><strong>pot\u0159ebn\u00e9 prost\u0159edk<\/strong>y<\/a>.<\/p>\n<p><img loading=\"lazy\" decoding=\"async\" class=\"aligncenter wp-image-2508 size-full\" src=\"http:\/\/blog.exkalibr.cz\/wp-content\/uploads\/2024\/02\/getthumbnail.jpg\" alt=\"\" width=\"675\" height=\"450\" srcset=\"https:\/\/blog.exkalibr.cz\/wp-content\/uploads\/2024\/02\/getthumbnail.jpg 675w, https:\/\/blog.exkalibr.cz\/wp-content\/uploads\/2024\/02\/getthumbnail-300x200.jpg 300w, https:\/\/blog.exkalibr.cz\/wp-content\/uploads\/2024\/02\/getthumbnail-391x260.jpg 391w, https:\/\/blog.exkalibr.cz\/wp-content\/uploads\/2024\/02\/getthumbnail-640x427.jpg 640w\" sizes=\"(max-width: 675px) 100vw, 675px\" \/><\/p>\n<p>&nbsp;<\/p>\n<h4><strong>5. Hnojen\u00ed:<\/strong><\/h4>\n<p>Po zim\u011b m\u016f\u017ee b\u00fdt pro rostliny u\u017eite\u010dn\u00e9 doplnit \u017eiviny. Zva\u017ete <strong>pou\u017eit\u00ed <a href=\"https:\/\/www.exkalibr.cz\/hnojivo-agro-natura-organicke-travnikove-hnojivo-8-kg_d126493.html\">organick\u00e9ho hnojiva<\/a>, kter\u00e9 pom\u016f\u017ee pos\u00edlit rostliny<\/strong> a podpo\u0159it jejich r\u016fst. M\u016f\u017eete pou\u017e\u00edt i <strong><a href=\"https:\/\/www.exkalibr.cz\/zahrada-pestovani-hnojiva_c19582.html?page=2#prodlistanchor\">klasick\u00e1 hnojiva<\/a><\/strong> a <strong>se snadnou a rovnom\u011brnou aplikac\u00ed do tr\u00e1vn\u00edku v\u00e1m pom\u016f\u017ee <a href=\"https:\/\/www.exkalibr.cz\/zahrada-zahradni-naradi-naradi-pro-peci-o-travnik_c21099.html\">zahradn\u00ed rozmetadlo<\/a>.<\/strong><\/p>\n<p><img loading=\"lazy\" decoding=\"async\" class=\"aligncenter wp-image-2513 size-full\" src=\"http:\/\/blog.exkalibr.cz\/wp-content\/uploads\/2024\/02\/01.jpg\" alt=\"\" width=\"600\" height=\"450\" srcset=\"https:\/\/blog.exkalibr.cz\/wp-content\/uploads\/2024\/02\/01.jpg 600w, https:\/\/blog.exkalibr.cz\/wp-content\/uploads\/2024\/02\/01-300x225.jpg 300w\" sizes=\"(max-width: 600px) 100vw, 600px\" \/><\/p>\n<p>&nbsp;<\/p>\n<h4><strong>6. Pl\u00e1nov\u00e1n\u00ed pro novou sez\u00f3nu:<\/strong><\/h4>\n<p>V neposledn\u00ed \u0159ad\u011b, po zim\u011b je ide\u00e1ln\u00ed \u010das pro pl\u00e1nov\u00e1n\u00ed nov\u00e9 sez\u00f3ny. Promyslete, co chcete letos v zahrad\u011b p\u011bstovat, <strong>kter\u00e9 rostliny budou pot\u0159ebovat zvl\u00e1\u0161tn\u00ed p\u00e9\u010di<\/strong>\u00a0a jak\u00e9 \u00fapravy m\u016f\u017eete ud\u011blat pro zlep\u0161en\u00ed estetiky a funk\u010dnosti va\u0161\u00ed zahrady. Oblib\u011b se t\u011b\u0161\u00ed nap\u0159\u00edklad <a href=\"https:\/\/www.exkalibr.cz\/zahrada-pestovani-vyvysene-zahony_c19586.html\">vyv\u00fd\u0161en\u00e9 z\u00e1hony<\/a>.<\/p>\n<p><img loading=\"lazy\" decoding=\"async\" class=\"aligncenter wp-image-2511 size-full\" src=\"http:\/\/blog.exkalibr.cz\/wp-content\/uploads\/2024\/02\/1.jpg\" alt=\"\" width=\"579\" height=\"450\" srcset=\"https:\/\/blog.exkalibr.cz\/wp-content\/uploads\/2024\/02\/1.jpg 579w, https:\/\/blog.exkalibr.cz\/wp-content\/uploads\/2024\/02\/1-300x233.jpg 300w\" sizes=\"(max-width: 579px) 100vw, 579px\" \/><\/p>\n<p>&nbsp;<\/p>\n<p style=\"text-align: center;\">Nyn\u00ed, kdy\u017e v\u00edte, jak se postarat o zahradu po zim\u011b, m\u016f\u017eete se s radost\u00ed pustit do pr\u00e1ce a p\u0159ipravit sv\u016fj venkovn\u00ed prostor na kr\u00e1snou a \u00fasp\u011b\u0161nou sez\u00f3nu r\u016fstu a kv\u011btu.<\/p>\n<p style=\"text-align: center;\">V p\u0159\u00edpad\u011b jak\u00fdchkoliv dotaz\u016f n\u00e1s nev\u00e1hejte <a href=\"https:\/\/www.exkalibr.cz\/kontakty_ma47.html&amp;tm=9\">kontaktovat<\/a> a nezapome\u0148te sledovat na\u0161e <span style=\"color: #0000ff;\"><a style=\"color: #0000ff;\" href=\"https:\/\/www.facebook.com\/exkalibrcz\">facebookov\u00e9 str\u00e1nky<\/a>.<\/span><\/p>\n<p>&nbsp;<\/p>\n<p>Kr\u00e1sn\u00fd den a plodnou zahradu V\u00e1m p\u0159eje t\u00fdm Exkalibr s.r.o<\/p>\n<p>&nbsp;<\/p>\n","protected":false},"excerpt":{"rendered":"<p>Jak se postarat o zahradu po zim\u011b: D\u016fle\u017eit\u00e9 \u00fakoly a tipy &nbsp; Po zim\u011b je ide\u00e1ln\u00ed \u010das vr\u00e1tit se do zahrady a p\u0159ipravit ji na novou sez\u00f3nu. Zde je n\u011bkolik&#8230;<\/p>\n","protected":false},"author":5,"featured_media":2507,"comment_status":"open","ping_status":"open","sticky":false,"template":"","format":"standard","meta":{"footnotes":""},"categories":[13],"tags":[],"_links":{"self":[{"href":"https:\/\/blog.exkalibr.cz\/index.php\/wp-json\/wp\/v2\/posts\/2504"}],"collection":[{"href":"https:\/\/blog.exkalibr.cz\/index.php\/wp-json\/wp\/v2\/posts"}],"about":[{"href":"https:\/\/blog.exkalibr.cz\/index.php\/wp-json\/wp\/v2\/types\/post"}],"author":[{"embeddable":true,"href":"https:\/\/blog.exkalibr.cz\/index.php\/wp-json\/wp\/v2\/users\/5"}],"replies":[{"embeddable":true,"href":"https:\/\/blog.exkalibr.cz\/index.php\/wp-json\/wp\/v2\/comments?post=2504"}],"version-history":[{"count":5,"href":"https:\/\/blog.exkalibr.cz\/index.php\/wp-json\/wp\/v2\/posts\/2504\/revisions"}],"predecessor-version":[{"id":2526,"href":"https:\/\/blog.exkalibr.cz\/index.php\/wp-json\/wp\/v2\/posts\/2504\/revisions\/2526"}],"wp:featuredmedia":[{"embeddable":true,"href":"https:\/\/blog.exkalibr.cz\/index.php\/wp-json\/wp\/v2\/media\/2507"}],"wp:attachment":[{"href":"https:\/\/blog.exkalibr.cz\/index.php\/wp-json\/wp\/v2\/media?parent=2504"}],"wp:term":[{"taxonomy":"category","embeddable":true,"href":"https:\/\/blog.exkalibr.cz\/index.php\/wp-json\/wp\/v2\/categories?post=2504"},{"taxonomy":"post_tag","embeddable":true,"href":"https:\/\/blog.exkalibr.cz\/index.php\/wp-json\/wp\/v2\/tags?post=2504"}],"curies":[{"name":"wp","href":"https:\/\/api.w.org\/{rel}","templated":true}]}}