{"id":287,"date":"2019-01-14T07:39:14","date_gmt":"2019-01-14T06:39:14","guid":{"rendered":"http:\/\/blog.exkalibr.cz\/?p=287"},"modified":"2019-01-14T13:06:18","modified_gmt":"2019-01-14T12:06:18","slug":"teplota-chromaticnosti-barevna-teplota-svetla","status":"publish","type":"post","link":"https:\/\/blog.exkalibr.cz\/index.php\/2019\/01\/14\/teplota-chromaticnosti-barevna-teplota-svetla\/","title":{"rendered":"Teplota chromati\u010dnosti (barevn\u00e1 teplota sv\u011btla)"},"content":{"rendered":"<p>Kombinace barev a sv\u011bteln\u00e9ho spektra ovliv\u0148uje lidsk\u00e9 chov\u00e1n\u00ed, soust\u0159ed\u011bn\u00ed i v\u00fdkon. S vyu\u017eit\u00edm znalost\u00ed jejich vlivu lze v\u00fdrazn\u011b ovlivnit psychickou a fyzickou kondici, ne-li zdrav\u00ed. Barva vyza\u0159ovan\u00e9ho sv\u011btla se ud\u00e1v\u00e1 v jednotce<strong> Kelvin (K)<\/strong>. Barevn\u00e9 spektrum sah\u00e1 od tepl\u00fdch odst\u00edn\u016f a\u017e po ty nejchladn\u011bj\u0161\u00ed. Tmav\u0161\u00ed <span style=\"color: #993300\"><strong>\u010derven\u00e9 <\/strong><span style=\"color: #000000\">a \u017elut\u00e9<\/span><\/span> odst\u00edny jsou na nejni\u017e\u0161\u00ed p\u0159\u00ed\u010dce stupnice Kelvin\u016f (b\u011b\u017en\u011b <span style=\"color: #000000\">\u00b1<span style=\"color: #993300\"><strong>1800 K<\/strong><\/span><\/span> ), vznik\u00e1 uvol\u0148ov\u00e1n\u00edm n\u00edzk\u00e9 energie. Nejjasn\u011bj\u0161\u00ed sv\u011btlo, podobn\u00e9 denn\u00edmu, je v chladn\u00fdch b\u00edlo <strong><span style=\"color: #00ccff\">modr\u00fdch<\/span><\/strong> barv\u00e1ch\u00a0(\u00b1<strong><span style=\"color: #00ccff\">8000 K<\/span><\/strong>). M\u00e1 nejvy\u0161\u0161\u00ed hodnoty K, je uvol\u0148ov\u00e1no p\u0159i vysok\u00e9 energii.<\/p>\n<h4><img loading=\"lazy\" decoding=\"async\" class=\"alignnone wp-image-291\" src=\"http:\/\/blog.exkalibr.cz\/wp-content\/uploads\/2019\/01\/\u010d.jpg\" alt=\"\" width=\"283\" height=\"189\" srcset=\"https:\/\/blog.exkalibr.cz\/wp-content\/uploads\/2019\/01\/\u010d.jpg 960w, https:\/\/blog.exkalibr.cz\/wp-content\/uploads\/2019\/01\/\u010d-300x200.jpg 300w, https:\/\/blog.exkalibr.cz\/wp-content\/uploads\/2019\/01\/\u010d-768x512.jpg 768w, https:\/\/blog.exkalibr.cz\/wp-content\/uploads\/2019\/01\/\u010d-640x427.jpg 640w\" sizes=\"(max-width: 283px) 100vw, 283px\" \/><img loading=\"lazy\" decoding=\"async\" class=\"alignnone wp-image-292\" src=\"http:\/\/blog.exkalibr.cz\/wp-content\/uploads\/2019\/01\/\u010d2.jpg\" alt=\"\" width=\"331\" height=\"189\" srcset=\"https:\/\/blog.exkalibr.cz\/wp-content\/uploads\/2019\/01\/\u010d2.jpg 960w, https:\/\/blog.exkalibr.cz\/wp-content\/uploads\/2019\/01\/\u010d2-300x171.jpg 300w, https:\/\/blog.exkalibr.cz\/wp-content\/uploads\/2019\/01\/\u010d2-768x438.jpg 768w, https:\/\/blog.exkalibr.cz\/wp-content\/uploads\/2019\/01\/\u010d2-640x365.jpg 640w\" sizes=\"(max-width: 331px) 100vw, 331px\" \/><br \/>\n<span style=\"color: #000000\"><strong>Srovn\u00e1n\u00ed teploty chromati\u010dnosti um\u011bl\u00e9ho osv\u011btlen\u00ed a v\u00a0p\u0159\u00edrod\u011b<\/strong><\/span><\/h4>\n<table width=\"0\">\n<tbody>\n<tr>\n<td width=\"340\">600 K <a href=\"https:\/\/www.exkalibr.cz\/osvetleni-a-elektroinstalace_c3017.html#cls=spresenttrees&amp;strid=3017&amp;sps_v_366=%C4%8Derven%C3%A1&amp;\">\u010cerven\u00e1 dioda<\/a><br \/>\n800 K Sol\u00e1rn\u00ed teplomet<br \/>\n1\u00a0900 K <a href=\"https:\/\/www.exkalibr.cz\/osvetleni-a-elektroinstalace_c3017.html#cls=spresenttrees&amp;strid=3017&amp;sps_v_345=90&amp;sps_v_345=92&amp;sps_v_345=110&amp;sps_v_345=300&amp;sps_v_345=640&amp;sps_v_345=830&amp;sps_v_345=840&amp;sps_v_345=2000&amp;\">Sv\u00ed\u010dka<\/a><br \/>\n2\u00a0300 K <a href=\"https:\/\/www.exkalibr.cz\/osvetleni-a-elektroinstalace-svetelne-zdroje-led-zarovky_c3035.html#cls=spresenttrees&amp;strid=3035&amp;sps_v_345=2700-1800&amp;sps_v_345=2700-2200&amp;sps_v_345=2700-4000&amp;sps_v_345=2000&amp;sps_v_345=2400&amp;sps_v_345=2500&amp;sps_v_345=2700&amp;\">Utlumen\u00e1 \u017e\u00e1rovka<\/a><br \/>\n3\u00a0000 K <a href=\"https:\/\/www.exkalibr.cz\/osvetleni-a-elektroinstalace-svetelne-zdroje-led-zarovky_c3035.html#cls=spresenttrees&amp;strid=3035&amp;sps_v_345=3000&amp;\">Osv\u011btlen\u00ed studia<\/a><br \/>\n3\u00a0400 K <a href=\"https:\/\/www.exkalibr.cz\/osvetleni-a-elektroinstalace-svetelne-zdroje-halogenove-zarovky_c3219.html#cls=spresenttrees&amp;strid=3219&amp;\">Halogenov\u00e1 \u017e\u00e1rovka<\/a><br \/>\n4\u00a0200 K <a href=\"https:\/\/www.exkalibr.cz\/osvetleni-a-elektroinstalace-svetelne-zdroje-zarivky_c3220.html\">Z\u00e1\u0159ivka<\/a><br \/>\n5\u00a0500 K <a href=\"https:\/\/www.exkalibr.cz\/osvetleni-a-elektroinstalace_c3017.html#cls=spresenttrees&amp;strid=3017&amp;sps_v_345=5000&amp;sps_v_345=5100&amp;sps_v_345=6000&amp;sps_v_345=6200&amp;sps_v_345=6500&amp;sps_v_345=7000&amp;page=5\">Standardn\u00ed fotografick\u00fd blesk, v\u00fdbojka<\/a><br \/>\n12\u00a0000 K Sv\u011btlo p\u0159i sva\u0159ov\u00e1n\u00ed<br \/>\n14\u00a0000 K UV trubice v sol\u00e1riu<br \/>\n20\u00a0000 K UV-C lampy steriliza\u010dn\u00ed sv\u011btlo<\/td>\n<td width=\"274\">1 200\u00a0K Roz\u017ehaven\u00e9 uhl\u00edky<br \/>\n2\u00a0700 K Slunce p\u0159i v\u00fdchodu a z\u00e1padu<br \/>\n5 000 K Denn\u00ed sv\u011btlo obvykl\u00e9<br \/>\n5\u00a0780 K povrchov\u00e1 teplota Slunce<br \/>\n6\u00a0000 K Slunn\u00e9 poledne<br \/>\n7\u00a0000 K Lehce zamra\u010deno<br \/>\n8\u00a0000 K Zamra\u010deno, mlha, blesky<br \/>\n10\u00a0000 K Modr\u00e9 nebe<\/td>\n<\/tr>\n<\/tbody>\n<\/table>\n<p><img loading=\"lazy\" decoding=\"async\" class=\"wp-image-293 alignnone\" src=\"http:\/\/blog.exkalibr.cz\/wp-content\/uploads\/2019\/01\/m.jpg\" alt=\"\" width=\"303\" height=\"203\" srcset=\"https:\/\/blog.exkalibr.cz\/wp-content\/uploads\/2019\/01\/m.jpg 960w, https:\/\/blog.exkalibr.cz\/wp-content\/uploads\/2019\/01\/m-300x200.jpg 300w, https:\/\/blog.exkalibr.cz\/wp-content\/uploads\/2019\/01\/m-768x512.jpg 768w, https:\/\/blog.exkalibr.cz\/wp-content\/uploads\/2019\/01\/m-640x427.jpg 640w\" sizes=\"(max-width: 303px) 100vw, 303px\" \/><img loading=\"lazy\" decoding=\"async\" class=\"wp-image-294 alignnone\" src=\"http:\/\/blog.exkalibr.cz\/wp-content\/uploads\/2019\/01\/m2.jpg\" alt=\"\" width=\"316\" height=\"203\" srcset=\"https:\/\/blog.exkalibr.cz\/wp-content\/uploads\/2019\/01\/m2.jpg 960w, https:\/\/blog.exkalibr.cz\/wp-content\/uploads\/2019\/01\/m2-300x193.jpg 300w, https:\/\/blog.exkalibr.cz\/wp-content\/uploads\/2019\/01\/m2-768x493.jpg 768w, https:\/\/blog.exkalibr.cz\/wp-content\/uploads\/2019\/01\/m2-640x411.jpg 640w\" sizes=\"(max-width: 316px) 100vw, 316px\" \/><\/p>\n<h4><span style=\"color: #000000\"><b>Vyu\u017eit\u00ed chromati\u010dnosti v interi\u00e9ru<\/b><\/span><\/h4>\n<p>U osv\u011btlen\u00ed m\u00e1 v\u00fdznam nejen samotn\u00e1 barva (v n\u00e1sleduj\u00edc\u00edm \u010dl\u00e1nku), ale i <strong>teplota b\u00edl\u00e9 barvy<\/strong>. Zna\u010d\u00ed se\u00a0<strong>podle v\u00fd\u0161e uveden\u00fdch pravidel<\/strong>. Bylo by nevhodn\u00e9 kombinovat na 1 lustru se 3 paticemi \u017e\u00e1rovky s rozli\u0161nou teplotou chromati\u010dnosti. Stejn\u011b tak v jedn\u00e9 m\u00edstnosti p\u016fsob\u00ed odli\u0161n\u00e9 ,, odst\u00edny b\u00edl\u00e9\u201d rozlad\u011bn\u011b. Nutno podotknout, \u017ee i tento zd\u00e1nliv\u011b p\u0159ehl\u00e9dnuteln\u00fd parametr p\u016fsob\u00ed na na\u0161i v\u00fdkonnost.<\/p>\n<p><strong><a href=\"https:\/\/www.exkalibr.cz\/osvetleni-a-elektroinstalace_c3017.html#cls=spresenttrees&amp;strid=3017&amp;sps_v_347=Tepl%C3%A1&amp;\">Tepl\u00e1 b\u00edl\u00e1<\/a>\u00a0<span style=\"color: #000000\">\u00b1\u00a0<\/span>2\u00a0700 K<\/strong><br \/>\nNavozuje uklid\u0148uj\u00edc\u00ed p\u0159\u00edjemnou atmosf\u00e9ru, \u00fatulnou dom\u00e1cnost.\u00a0 Ur\u010den\u00e1 pro ve\u010dern\u00ed ob\u00fdvac\u00ed prostory, do lo\u017enice \u010di d\u011btsk\u00fdch pokoj\u016f p\u0159ed span\u00edm.\u00a0\u00a0Vyu\u017eit\u00ed v\u00a0komer\u010dn\u00edch prostorech v hotel\u00edch, penzi\u00f3nech, kav\u00e1rn\u00e1ch, restaurac\u00edch,\u00a0 \u00a0\u010dajovn\u00e1ch, barech a podobn\u011b.<br \/>\n<strong><a href=\"https:\/\/www.exkalibr.cz\/osvetleni-a-elektroinstalace_c3017.html#cls=spresenttrees&amp;strid=3017&amp;sps_v_347=Neutr%C3%A1ln%C3%AD+b%C3%ADl%C3%A1&amp;\">Neutr\u00e1ln\u00ed b\u00edl\u00e1<\/a> <span style=\"color: #000000\">\u00b1\u00a0<\/span>4\u00a0000\u00a0K<\/strong><br \/>\nV\u0161estrann\u00e9 vyu\u017eit\u00ed, dom\u00e1cnost, pracovny, kancel\u00e1\u0159e, n\u00e1kupn\u00ed st\u0159ediska, obchody atd.<br \/>\n<strong><a href=\"https:\/\/www.exkalibr.cz\/osvetleni-a-elektroinstalace_c3017.html#cls=spresenttrees&amp;strid=3017&amp;sps_v_347=Studen%C3%A1&amp;\">Studen\u00e1 b\u00edl\u00e1<\/a> <span style=\"color: #000000\">\u00b1\u00a0<\/span>5 000\u00a0K<\/strong><br \/>\nOsv\u011btlen\u00ed d\u00edlny, pracovny, kancel\u00e1\u0159e, n\u00e1kupn\u00edho st\u0159ediska, obchodu a m\u00edstnosti bez p\u0159irozen\u00e9ho denn\u00edho sv\u011btla (sklepy, pivnice, sklady, chodby).<br \/>\n<strong><a href=\"https:\/\/www.exkalibr.cz\/osvetleni-a-elektroinstalace_c3017.html#cls=spresenttrees&amp;strid=3017&amp;sps_v_347=Denn%C3%AD+Deluxe&amp;\">Denn\u00ed Deluxe<\/a> nad 6\u00a0500\u00a0K<\/strong><br \/>\nOsv\u011btlen\u00ed, kter\u00e9 se nejv\u00edce p\u0159ibli\u017euje k hodnot\u00e1m p\u0159irozen\u00e9ho denn\u00edho sv\u011btla. Pro m\u00edstnosti se zv\u00fd\u0161enou pot\u0159ebou ment\u00e1ln\u00ed \u010dilosti a aktivity. Pro maxim\u00e1ln\u00ed no\u010dn\u00ed nasv\u00edcen\u00ed nebo sv\u011btla pro detailn\u00ed pr\u00e1ci. Nemocnice, d\u00edlny, pracovny.<br \/>\n<strong><a href=\"https:\/\/www.exkalibr.cz\/osvetleni-a-elektroinstalace_c3017.html#cls=spresenttrees&amp;strid=3017&amp;sps_v_347=Regulovateln%C3%A1&amp;\">Regulovateln\u00e1<\/a> 2 700 \u2013 nad 6\u00a0500\u00a0K<\/strong><br \/>\nDo v\u0161ech interi\u00e9r\u016f, v podob\u011b\u00a0<a href=\"https:\/\/www.exkalibr.cz\/osvetleni-a-elektroinstalace-chytre-osvetleni_c3021.html#prodlistanchor\">chytr\u00e9ho osv\u011btlen\u00ed<\/a>.<img loading=\"lazy\" decoding=\"async\" class=\"alignnone size-full wp-image-297\" src=\"http:\/\/blog.exkalibr.cz\/wp-content\/uploads\/2019\/01\/b.jpg\" alt=\"\" width=\"709\" height=\"242\" srcset=\"https:\/\/blog.exkalibr.cz\/wp-content\/uploads\/2019\/01\/b.jpg 709w, https:\/\/blog.exkalibr.cz\/wp-content\/uploads\/2019\/01\/b-300x102.jpg 300w, https:\/\/blog.exkalibr.cz\/wp-content\/uploads\/2019\/01\/b-640x218.jpg 640w\" sizes=\"(max-width: 709px) 100vw, 709px\" \/><\/p>\n<h4><span style=\"color: #000000\"><strong>P\u0159i v\u00fdb\u011bru chromati\u010dnosti vyu\u017eijte n\u00e1\u0161 filtr<\/strong><\/span><\/h4>\n<p>Na na\u0161em e-shopu si m\u016f\u017eete nastavit filtr p\u0159esn\u011b podle Va\u0161\u00ed p\u0159edstavy, viz.: <a href=\"https:\/\/www.exkalibr.cz\/osvetleni-a-elektroinstalace_c3017.html#cls=spresenttrees&amp;strid=3017&amp;\">Osv\u011btlen\u00ed a elektroinstalace \/ V\u00ddROBCI A PARAMETRY \/ Ostatn\u00ed \/\u00a0Teplota b\u00edl\u00e9 barvy nebo Teplota chromati\u010dnosti [K].<\/a>\u00a0Parametry pro V\u00e1s neust\u00e1le zlep\u0161ujeme a aktualizujeme, v p\u0159\u00edpad\u011b jak\u00fdchkoliv nejasnost\u00ed \u010di dotaz\u016f, n\u00e1s pros\u00edm kontaktujte na:\u00a0<strong style=\"font-size: 1em\"><a href=\"mailto:info@exkalibr.cz?subject=Dotaz%20z%20e-shopu%20Exkalibr.cz\">info@exkalibr.cz<\/a><\/strong><br \/>\n<img loading=\"lazy\" decoding=\"async\" class=\"alignnone size-full wp-image-296\" src=\"http:\/\/blog.exkalibr.cz\/wp-content\/uploads\/2019\/01\/t.jpg\" alt=\"\" width=\"429\" height=\"459\" srcset=\"https:\/\/blog.exkalibr.cz\/wp-content\/uploads\/2019\/01\/t.jpg 429w, https:\/\/blog.exkalibr.cz\/wp-content\/uploads\/2019\/01\/t-280x300.jpg 280w\" sizes=\"(max-width: 429px) 100vw, 429px\" \/><\/p>\n<p>&nbsp;<\/p>\n","protected":false},"excerpt":{"rendered":"<p>Kombinace barev a sv\u011bteln\u00e9ho spektra ovliv\u0148uje lidsk\u00e9 chov\u00e1n\u00ed, soust\u0159ed\u011bn\u00ed i v\u00fdkon. S vyu\u017eit\u00edm znalost\u00ed jejich vlivu lze v\u00fdrazn\u011b ovlivnit psychickou a fyzickou kondici, ne-li zdrav\u00ed. Barva vyza\u0159ovan\u00e9ho sv\u011btla se ud\u00e1v\u00e1&#8230;<\/p>\n","protected":false},"author":2,"featured_media":301,"comment_status":"open","ping_status":"open","sticky":false,"template":"","format":"standard","meta":{"footnotes":""},"categories":[3],"tags":[44,43,42,45],"_links":{"self":[{"href":"https:\/\/blog.exkalibr.cz\/index.php\/wp-json\/wp\/v2\/posts\/287"}],"collection":[{"href":"https:\/\/blog.exkalibr.cz\/index.php\/wp-json\/wp\/v2\/posts"}],"about":[{"href":"https:\/\/blog.exkalibr.cz\/index.php\/wp-json\/wp\/v2\/types\/post"}],"author":[{"embeddable":true,"href":"https:\/\/blog.exkalibr.cz\/index.php\/wp-json\/wp\/v2\/users\/2"}],"replies":[{"embeddable":true,"href":"https:\/\/blog.exkalibr.cz\/index.php\/wp-json\/wp\/v2\/comments?post=287"}],"version-history":[{"count":10,"href":"https:\/\/blog.exkalibr.cz\/index.php\/wp-json\/wp\/v2\/posts\/287\/revisions"}],"predecessor-version":[{"id":1445,"href":"https:\/\/blog.exkalibr.cz\/index.php\/wp-json\/wp\/v2\/posts\/287\/revisions\/1445"}],"wp:featuredmedia":[{"embeddable":true,"href":"https:\/\/blog.exkalibr.cz\/index.php\/wp-json\/wp\/v2\/media\/301"}],"wp:attachment":[{"href":"https:\/\/blog.exkalibr.cz\/index.php\/wp-json\/wp\/v2\/media?parent=287"}],"wp:term":[{"taxonomy":"category","embeddable":true,"href":"https:\/\/blog.exkalibr.cz\/index.php\/wp-json\/wp\/v2\/categories?post=287"},{"taxonomy":"post_tag","embeddable":true,"href":"https:\/\/blog.exkalibr.cz\/index.php\/wp-json\/wp\/v2\/tags?post=287"}],"curies":[{"name":"wp","href":"https:\/\/api.w.org\/{rel}","templated":true}]}}