{"id":3073,"date":"2025-12-11T11:56:50","date_gmt":"2025-12-11T10:56:50","guid":{"rendered":"https:\/\/blog.exkalibr.cz\/?p=3073"},"modified":"2025-12-12T11:09:47","modified_gmt":"2025-12-12T10:09:47","slug":"prodleva-expedice-festool-produktu","status":"publish","type":"post","link":"https:\/\/blog.exkalibr.cz\/index.php\/2025\/12\/11\/prodleva-expedice-festool-produktu\/","title":{"rendered":"Prodleva expedice FESTOOL produkt\u016f!"},"content":{"rendered":"<h1 style=\"text-align: center;\"><strong>D\u016fle\u017eit\u00e9 upozorn\u011bn\u00ed k dostupnosti a expedici produkt\u016f Festool (11. 12. 2025 \u2013 za\u010d\u00e1tek ledna 2026)<\/strong><\/h1>\n<p>&nbsp;<\/p>\n<p style=\"text-align: center;\" data-start=\"294\" data-end=\"313\">V\u00e1\u017een\u00ed z\u00e1kazn\u00edci, r\u00e1di bychom v\u00e1s informovali o do\u010dasn\u00e9 zm\u011bn\u011b v dostupnosti a expedici produkt\u016f zna\u010dky <strong data-start=\"400\" data-end=\"411\">Festool<\/strong>. V\u00fdrobce bude <strong data-start=\"429\" data-end=\"459\">\u00a0do 1. 1. 2026<\/strong> prov\u00e1d\u011bt intern\u00ed syst\u00e9movou odst\u00e1vku a <strong data-start=\"499\" data-end=\"537\">jeho logistika bude zcela uzav\u0159ena<\/strong>.<\/p>\n<hr \/>\n<p>&nbsp;<\/p>\n<h3 data-start=\"614\" data-end=\"659\"><strong data-start=\"618\" data-end=\"659\">Jak to ovlivn\u00ed va\u0161e objedn\u00e1vky u n\u00e1s?<\/strong><\/h3>\n<ul>\n<li data-start=\"661\" data-end=\"1153\"><strong data-start=\"664\" data-end=\"693\">Zbo\u017e\u00ed, kter\u00e9 <span style=\"color: #339966;\">m\u00e1me skladem<\/span><\/strong>, budeme odes\u00edlat <span style=\"color: #339966;\"><strong data-start=\"711\" data-end=\"726\">bez omezen\u00ed<\/strong><\/span> jako obvykle.<\/li>\n<li data-start=\"661\" data-end=\"1153\"><strong data-start=\"746\" data-end=\"811\">Zbo\u017e\u00ed, kter\u00e9 <span style=\"color: #ff0000;\">nen\u00ed skladem<\/span> a objedn\u00e1v\u00e1 se u dodavatele Festool<\/strong>, bude expedov\u00e1no a\u017e po obnoven\u00ed jejich provozu \u2013 tedy <span style=\"color: #ff0000;\"><strong data-start=\"866\" data-end=\"905\">v pr\u016fb\u011bhu prvn\u00ed poloviny ledna 2026<\/strong><\/span>.<\/li>\n<li data-start=\"661\" data-end=\"1153\">Festool zah\u00e1j\u00ed od <strong data-start=\"1052\" data-end=\"1093\">2. 1. 2026 expedici v omezen\u00e9m re\u017eimu<\/strong>, a proto je nutn\u00e9 po\u010d\u00edtat s <strong data-start=\"1122\" data-end=\"1152\" data-is-only-node=\"\">prodlevou p\u0159ibli\u017en\u011b 10 dn\u00ed<\/strong>.<\/li>\n<\/ul>\n<h3 data-start=\"1155\" data-end=\"1184\"><\/h3>\n<h3 data-start=\"1155\" data-end=\"1184\"><strong data-start=\"1159\" data-end=\"1184\">D\u011bkujeme za pochopen\u00ed<\/strong><\/h3>\n<p data-start=\"1186\" data-end=\"1418\">Je n\u00e1m jasn\u00e9, \u017ee p\u0159ed koncem roku b\u00fdv\u00e1 popt\u00e1vka vysok\u00e1, a proto doporu\u010dujeme u objedn\u00e1vek zbo\u017e\u00ed, kter\u00e9 nem\u00e1me skladem, po\u010d\u00edtat s t\u00edmto omezen\u00edm. Pokud si nejste jist\u00ed dostupnost\u00ed, nev\u00e1hejte n\u00e1s kontaktovat \u2013 r\u00e1di ov\u011b\u0159\u00edme stav p\u0159\u00edmo u n\u00e1s na sklad\u011b.<\/p>\n<p data-start=\"1186\" data-end=\"1418\"><span style=\"color: #339966;\">Ve\u0161ker\u00e9 skaldov\u00e9 produkty<\/span> <a href=\"https:\/\/www.exkalibr.cz\/f-festool_c13851.html?onstocki=1\">najdete tady.<\/a><\/p>\n<p data-start=\"1420\" data-end=\"1495\">D\u011bkujeme za trp\u011blivost a p\u0159ejeme pohodov\u00fd z\u00e1v\u011br roku, <strong data-start=\"1476\" data-end=\"1495\">T\u00fdm Exkalibr s.r.o.<\/strong><\/p>\n","protected":false},"excerpt":{"rendered":"<p>D\u016fle\u017eit\u00e9 upozorn\u011bn\u00ed k dostupnosti a expedici produkt\u016f Festool (11. 12. 2025 \u2013 za\u010d\u00e1tek ledna 2026) &nbsp; V\u00e1\u017een\u00ed z\u00e1kazn\u00edci, r\u00e1di bychom v\u00e1s informovali o do\u010dasn\u00e9 zm\u011bn\u011b v dostupnosti a expedici produkt\u016f&#8230;<\/p>\n","protected":false},"author":5,"featured_media":2231,"comment_status":"open","ping_status":"open","sticky":false,"template":"","format":"standard","meta":{"footnotes":""},"categories":[12],"tags":[10],"_links":{"self":[{"href":"https:\/\/blog.exkalibr.cz\/index.php\/wp-json\/wp\/v2\/posts\/3073"}],"collection":[{"href":"https:\/\/blog.exkalibr.cz\/index.php\/wp-json\/wp\/v2\/posts"}],"about":[{"href":"https:\/\/blog.exkalibr.cz\/index.php\/wp-json\/wp\/v2\/types\/post"}],"author":[{"embeddable":true,"href":"https:\/\/blog.exkalibr.cz\/index.php\/wp-json\/wp\/v2\/users\/5"}],"replies":[{"embeddable":true,"href":"https:\/\/blog.exkalibr.cz\/index.php\/wp-json\/wp\/v2\/comments?post=3073"}],"version-history":[{"count":4,"href":"https:\/\/blog.exkalibr.cz\/index.php\/wp-json\/wp\/v2\/posts\/3073\/revisions"}],"predecessor-version":[{"id":3079,"href":"https:\/\/blog.exkalibr.cz\/index.php\/wp-json\/wp\/v2\/posts\/3073\/revisions\/3079"}],"wp:featuredmedia":[{"embeddable":true,"href":"https:\/\/blog.exkalibr.cz\/index.php\/wp-json\/wp\/v2\/media\/2231"}],"wp:attachment":[{"href":"https:\/\/blog.exkalibr.cz\/index.php\/wp-json\/wp\/v2\/media?parent=3073"}],"wp:term":[{"taxonomy":"category","embeddable":true,"href":"https:\/\/blog.exkalibr.cz\/index.php\/wp-json\/wp\/v2\/categories?post=3073"},{"taxonomy":"post_tag","embeddable":true,"href":"https:\/\/blog.exkalibr.cz\/index.php\/wp-json\/wp\/v2\/tags?post=3073"}],"curies":[{"name":"wp","href":"https:\/\/api.w.org\/{rel}","templated":true}]}}