{"id":3338,"date":"2026-09-04T07:56:35","date_gmt":"2026-09-04T06:56:35","guid":{"rendered":"https:\/\/blog.exkalibr.cz\/?p=3338"},"modified":"2026-09-04T07:57:10","modified_gmt":"2026-09-04T06:57:10","slug":"podzimni-slevove-kupony-podzim10-a-podzim15","status":"publish","type":"post","link":"https:\/\/blog.exkalibr.cz\/index.php\/2026\/09\/04\/podzimni-slevove-kupony-podzim10-a-podzim15\/","title":{"rendered":"Podzimn\u00ed slevov\u00e9 kup\u00f3ny: PODZIM10 a PODZIM15"},"content":{"rendered":"<h1 style=\"text-align: center;\"><strong>Podzimn\u00ed slevy na traktory Cub Cadet<\/strong><\/h1>\n<p>Podzim je ide\u00e1ln\u00ed \u010das po\u0159\u00eddit si zahradn\u00ed traktor v\u00fdhodn\u011bji. P\u0159ipravili jsme pro v\u00e1s ak\u010dn\u00ed nab\u00eddku na vybran\u00e9 modely Cub Cadet, d\u00edky kter\u00e9 m\u016f\u017eete u\u0161et\u0159it a\u017e 15 % z ceny stroje.<\/p>\n<p>Sta\u010d\u00ed p\u0159i objedn\u00e1vce zadat spr\u00e1vn\u00fd slevov\u00fd k\u00f3d a sleva se v\u00e1m ode\u010dte p\u0159\u00edmo v ko\u0161\u00edku.<\/p>\n<p><span style=\"color: #ff0000;\"><strong>Akce plat\u00ed od 1. 9. do 30. 9. 2026 nebo do vyprod\u00e1n\u00ed z\u00e1sob.<\/strong><\/span><\/p>\n<hr \/>\n<h2><strong>Sleva 10 % na vybran\u00e9 traktory Cub Cadet<\/strong><\/h2>\n<p>Se slevov\u00fdm k\u00f3dem <span style=\"color: #ff6600;\"><strong>PODZIM10<\/strong><\/span> z\u00edsk\u00e1te <span style=\"color: #99cc00;\"><strong>10 % slevu<\/strong><\/span> na vybran\u00e9 zahradn\u00ed traktory Cub Cadet.<\/p>\n<p>Do t\u00e9to \u010d\u00e1sti akce jsou za\u0159azeny \u010dty\u0159i modely, kter\u00e9 se hod\u00ed pro pohodlnou \u00fadr\u017ebu v\u011bt\u0161\u00edch zahrad a travnat\u00fdch ploch. Najdete zde kompaktn\u00ed mini-rider, siln\u011bj\u0161\u00ed traktory se sb\u011brn\u00fdm ko\u0161em i model s mul\u010dov\u00e1n\u00edm.<\/p>\n<h3><a href=\"https:\/\/www.exkalibr.cz\/cub-cadet-lr2-nr76-zahradni-sekaci-traktor-mini-rider-s-kosem_d292561.html\" target=\"_blank\" rel=\"noopener\"><strong>Cub Cadet LR2 NR76<\/strong><\/a><\/h3>\n<p>Zahradn\u00ed sekac\u00ed traktor MINI-RIDER s ko\u0161em. Kompaktn\u00ed stroj, kter\u00fd se hod\u00ed tam, kde chcete pohodl\u00ed traktoru, ale z\u00e1rove\u0148 men\u0161\u00ed rozm\u011bry a dobrou ovladatelnost.<\/p>\n<h3><a href=\"https:\/\/www.exkalibr.cz\/cub-cadet-xt3-qr106-zahradni-sekaci-traktor-s-kosem_d292560.html\" target=\"_blank\" rel=\"noopener\"><strong>Cub Cadet XT3 QR106<\/strong><\/a><\/h3>\n<p>Zahradn\u00ed sekac\u00ed traktor s ko\u0161em. Robustn\u00ed model pro u\u017eivatele, kte\u0159\u00ed hledaj\u00ed siln\u00fd a pohodln\u00fd traktor pro pravidelnou \u00fadr\u017ebu v\u011bt\u0161\u00edch ploch.<\/p>\n<p>Pro kompletn\u00ed p\u0159ehled traktor\u016f spadaj\u00edc\u00edch pod 10% slevu naleznete <a href=\"https:\/\/www.exkalibr.cz\/akcni-nabidky-podzim10-x-podzim15-podzim10_c29291.html\" target=\"_blank\" rel=\"noopener\"><strong>zde<\/strong><\/a>.<\/p>\n<hr \/>\n<h2><strong>Sleva 15 % na vybran\u00e9 ZERO-TURN traktory Cub Cadet<\/strong><\/h2>\n<p>Pokud chcete u\u0161et\u0159it je\u0161t\u011b v\u00edce, vyu\u017eijte slevov\u00fd k\u00f3d <span style=\"color: #ff6600;\"><strong>PODZIM15<\/strong><\/span>. D\u00edky n\u011bmu z\u00edsk\u00e1te <span style=\"color: #99cc00;\"><strong>15 % slevu<\/strong><\/span> na vybran\u00e9 traktory Cub Cadet ZERO-TURN.<\/p>\n<p>Do t\u00e9to \u010d\u00e1sti akce jsou za\u0159azeny dva modely, kter\u00e9 ocen\u00ed hlavn\u011b ti, kdo cht\u011bj\u00ed rychl\u00e9 sek\u00e1n\u00ed, v\u00fdbornou obratnost a pohodlnou pr\u00e1ci i na \u010dlenit\u011bj\u0161\u00edch pozemc\u00edch.<\/p>\n<h3><a href=\"https:\/\/www.exkalibr.cz\/cub-cadet-z2-117-s-zahradni-sekaci-traktor-zero-turn_d292524.html\" target=\"_blank\" rel=\"noopener\"><strong>Cub Cadet Z2 117 S<\/strong><\/a><\/h3>\n<p>Zahradn\u00ed sekac\u00ed traktor ZERO-TURN s ovl\u00e1d\u00e1n\u00edm pomoc\u00ed volantu. Nab\u00edz\u00ed v\u00fdhody nulov\u00e9ho polom\u011bru ot\u00e1\u010den\u00ed, ale z\u00e1rove\u0148 p\u0159irozen\u00fd zp\u016fsob \u0159\u00edzen\u00ed, na kter\u00fd jsou u\u017eivatel\u00e9 zvykl\u00ed z klasick\u00fdch traktor\u016f.<\/p>\n<h3><a href=\"https:\/\/www.exkalibr.cz\/cub-cadet-z2-127-zahradni-sekaci-traktor-zero-turn-s-pakovym-ovladanim_d292523.html\" target=\"_blank\" rel=\"noopener\"><strong>Cub Cadet Z2 127<\/strong><\/a><\/h3>\n<p>Zahradn\u00ed sekac\u00ed traktor ZERO-TURN s p\u00e1kov\u00fdm ovl\u00e1d\u00e1n\u00edm. Ide\u00e1ln\u00ed volba pro rychlou \u00fadr\u017ebu velk\u00fdch travnat\u00fdch ploch, kde ocen\u00edte \u0161irok\u00fd z\u00e1b\u011br, v\u00fdkon a maxim\u00e1ln\u00ed obratnost.<\/p>\n<p>Oba tyto skv\u011bl\u00e9 modely naleznete pod t\u00edmto <a href=\"https:\/\/www.exkalibr.cz\/akcni-nabidky-podzim10-x-podzim15-podzim15_c29292.html\" target=\"_blank\" rel=\"noopener\"><strong>odkazem<\/strong><\/a>.<\/p>\n<p><img loading=\"lazy\" decoding=\"async\" class=\"aligncenter wp-image-3125 size-full\" src=\"http:\/\/blog.exkalibr.cz\/wp-content\/uploads\/2026\/03\/Gemini_Generated_Image_e2ox3je2ox3je2ox.png\" alt=\"\" width=\"1264\" height=\"843\" srcset=\"https:\/\/blog.exkalibr.cz\/wp-content\/uploads\/2026\/03\/Gemini_Generated_Image_e2ox3je2ox3je2ox.png 1264w, https:\/\/blog.exkalibr.cz\/wp-content\/uploads\/2026\/03\/Gemini_Generated_Image_e2ox3je2ox3je2ox-300x200.png 300w, https:\/\/blog.exkalibr.cz\/wp-content\/uploads\/2026\/03\/Gemini_Generated_Image_e2ox3je2ox3je2ox-1024x683.png 1024w, https:\/\/blog.exkalibr.cz\/wp-content\/uploads\/2026\/03\/Gemini_Generated_Image_e2ox3je2ox3je2ox-768x512.png 768w, https:\/\/blog.exkalibr.cz\/wp-content\/uploads\/2026\/03\/Gemini_Generated_Image_e2ox3je2ox3je2ox-391x260.png 391w, https:\/\/blog.exkalibr.cz\/wp-content\/uploads\/2026\/03\/Gemini_Generated_Image_e2ox3je2ox3je2ox-640x427.png 640w\" sizes=\"(max-width: 1264px) 100vw, 1264px\" \/><\/p>\n<hr \/>\n<h2><strong>Pro\u010d vybrat zahradn\u00ed traktor Cub Cadet?<\/strong><\/h2>\n<p>Zahradn\u00ed traktory Cub Cadet jsou vhodn\u00e9 pro ka\u017ed\u00e9ho, kdo chce sekat v\u011bt\u0161\u00ed travnat\u00e9 plochy pohodln\u011b, rychle a s dobr\u00fdm v\u00fdsledkem. Oproti klasick\u00e9 seka\u010dce nab\u00edz\u00ed vy\u0161\u0161\u00ed komfort, \u0161ir\u0161\u00ed z\u00e1b\u011br a snadn\u011bj\u0161\u00ed pr\u00e1ci i na v\u011bt\u0161\u00edch pozemc\u00edch.<\/p>\n<p>Podle konkr\u00e9tn\u00edho modelu m\u016f\u017eete vyb\u00edrat mezi traktory se sb\u011brn\u00fdm ko\u0161em, mul\u010dov\u00e1n\u00edm nebo technologi\u00ed ZERO-TURN, kter\u00e1 usnad\u0148uje man\u00e9vrov\u00e1n\u00ed kolem p\u0159ek\u00e1\u017eek.<\/p>\n<h2><strong>Jak slevov\u00e9 k\u00f3dy pou\u017e\u00edt?<\/strong><\/h2>\n<ol>\n<li>Vyberte si traktor <span style=\"color: #ffcc00;\"><strong>Cub Cadet<\/strong><\/span> za\u0159azen\u00fd do akce.<\/li>\n<li>Vlo\u017ete jej do ko\u0161\u00edku.<\/li>\n<li>Zadejte odpov\u00eddaj\u00edc\u00ed slevov\u00fd k\u00f3d.<\/li>\n<li>Sleva se v\u00e1m ode\u010dte p\u0159\u00edmo v objedn\u00e1vce.<\/li>\n<\/ol>\n<h2><strong>P\u0159ehled slevov\u00fdch k\u00f3d\u016f<\/strong><\/h2>\n<p><span style=\"color: #ff6600;\"><strong>PODZIM10<\/strong><\/span><br \/>\n10 % sleva na vybran\u00e9 traktory Cub Cadet<\/p>\n<p><span style=\"color: #ff6600;\"><strong>PODZIM15<\/strong><\/span><br \/>\n15 % sleva na vybran\u00e9 traktory Cub Cadet ZERO-TURN<\/p>\n<hr \/>\n<h2><strong>Vyu\u017eijte podzimn\u00ed nab\u00eddku<\/strong><\/h2>\n<p>Pokud p\u0159em\u00fd\u0161l\u00edte nad nov\u00fdm zahradn\u00edm traktorem, te\u010f je spr\u00e1vn\u00e1 chv\u00edle se pod\u00edvat na aktu\u00e1ln\u00ed nab\u00eddku. Vybran\u00e9 modely Cub Cadet m\u016f\u017eete po\u0159\u00eddit se slevou 10 % nebo 15 % podle konkr\u00e9tn\u00ed akce.<\/p>\n<p>Ve\u0161ker\u00e9 traktory za\u0159azen\u00e9 do akce <span style=\"color: #ff6600;\"><strong>PODZIM10<\/strong><\/span> najdete pod t\u00edmto <strong><a href=\"https:\/\/www.exkalibr.cz\/akcni-nabidky-podzim10-x-podzim15-podzim10_c29291.html\" target=\"_blank\" rel=\"noopener\">odkazem<\/a><\/strong>.<\/p>\n<p>Ve\u0161ker\u00e9 traktory za\u0159azen\u00e9 do akce <strong><span style=\"color: #ff6600;\">PODZIM15<\/span><\/strong> najdete pod t\u00edmto <strong><a href=\"https:\/\/www.exkalibr.cz\/akcni-nabidky-podzim10-x-podzim15-podzim15_c29292.html\" target=\"_blank\" rel=\"noopener\">odkazem<\/a><\/strong>.<\/p>\n<p>Pokud si nejste jist\u00ed v\u00fdb\u011brem vhodn\u00e9ho traktoru, r\u00e1di v\u00e1m porad\u00edme s v\u00fdb\u011brem spr\u00e1vn\u00e9ho modelu podle velikosti pozemku, zp\u016fsobu sek\u00e1n\u00ed i po\u017eadovan\u00e9ho komfortu.<\/p>\n<p><strong>Kr\u00e1sn\u00fd den p\u0159eje t\u00fdm EXKALIBR s.r.o.<\/strong><\/p>\n","protected":false},"excerpt":{"rendered":"<p>Podzimn\u00ed slevy na traktory Cub Cadet Podzim je ide\u00e1ln\u00ed \u010das po\u0159\u00eddit si zahradn\u00ed traktor v\u00fdhodn\u011bji. P\u0159ipravili jsme pro v\u00e1s ak\u010dn\u00ed nab\u00eddku na vybran\u00e9 modely Cub Cadet, d\u00edky kter\u00e9 m\u016f\u017eete u\u0161et\u0159it&#8230;<\/p>\n","protected":false},"author":6,"featured_media":3341,"comment_status":"open","ping_status":"open","sticky":false,"template":"","format":"standard","meta":{"footnotes":""},"categories":[14,12],"tags":[],"_links":{"self":[{"href":"https:\/\/blog.exkalibr.cz\/index.php\/wp-json\/wp\/v2\/posts\/3338"}],"collection":[{"href":"https:\/\/blog.exkalibr.cz\/index.php\/wp-json\/wp\/v2\/posts"}],"about":[{"href":"https:\/\/blog.exkalibr.cz\/index.php\/wp-json\/wp\/v2\/types\/post"}],"author":[{"embeddable":true,"href":"https:\/\/blog.exkalibr.cz\/index.php\/wp-json\/wp\/v2\/users\/6"}],"replies":[{"embeddable":true,"href":"https:\/\/blog.exkalibr.cz\/index.php\/wp-json\/wp\/v2\/comments?post=3338"}],"version-history":[{"count":4,"href":"https:\/\/blog.exkalibr.cz\/index.php\/wp-json\/wp\/v2\/posts\/3338\/revisions"}],"predecessor-version":[{"id":3343,"href":"https:\/\/blog.exkalibr.cz\/index.php\/wp-json\/wp\/v2\/posts\/3338\/revisions\/3343"}],"wp:featuredmedia":[{"embeddable":true,"href":"https:\/\/blog.exkalibr.cz\/index.php\/wp-json\/wp\/v2\/media\/3341"}],"wp:attachment":[{"href":"https:\/\/blog.exkalibr.cz\/index.php\/wp-json\/wp\/v2\/media?parent=3338"}],"wp:term":[{"taxonomy":"category","embeddable":true,"href":"https:\/\/blog.exkalibr.cz\/index.php\/wp-json\/wp\/v2\/categories?post=3338"},{"taxonomy":"post_tag","embeddable":true,"href":"https:\/\/blog.exkalibr.cz\/index.php\/wp-json\/wp\/v2\/tags?post=3338"}],"curies":[{"name":"wp","href":"https:\/\/api.w.org\/{rel}","templated":true}]}}